{"id":52780,"date":"2026-04-26T12:00:55","date_gmt":"2026-04-26T17:00:55","guid":{"rendered":"https:\/\/solidaridadnews.com\/?p=52780"},"modified":"2026-04-26T13:53:19","modified_gmt":"2026-04-26T13:53:19","slug":"pumas-dedica-mensaje-para-alan-medina-por-su-dura-lesion","status":"publish","type":"post","link":"https:\/\/solidaridadnews.com\/?p=52780","title":{"rendered":"Pumas dedica mensaje para Alan Medina por su dura lesi\u00f3n"},"content":{"rendered":"<p>\ud83d\udd38 Los compa\u00f1eros del mexicano le dedicaron una pancarta al lesionado Alan Medina, que tuvo que ser intervenido quir\u00fargicamente.<\/p>\n<p>#DEPORTES | El compa\u00f1erismo en Pumas\u00a0apareci\u00f3 previo al partido del equipo ante Pachuca en el Estadio Hidalgo, donde los jugadores mostraron una manta con un mensaje especial para su compa\u00f1ero Alan Medina, quien se lesion\u00f3 en el \u00faltimo cotejo de los felinos.<\/p>\n<p>En el momento en el que se tomaron la foto de grupo, el equipo mostr\u00f3 su manta que dec\u00eda: \u201cAlan, tus hermanos estamos contigo. Vamos a luchar todos por ti\u201d, adem\u00e1s de que sacaron una imagen de tama\u00f1o real del futbolista impresa en una lona.<\/p>\n<p>Esta imagen la colocaron en uno de los asientos de la banca local donde estaban los jugadores suplentes y el cuerpo t\u00e9cnico encabezado por Efra\u00edn Ju\u00e1rez. De esta forma le hicieron saber a su compa\u00f1ero que lo apoyan tras su lesi\u00f3n ocurrida hace unos d\u00edas.<\/p>\n<p>Alan Medina sufri\u00f3 una fractura del tobillo izquierdo durante el partido que Pumas enfrent\u00f3 a FC Ju\u00e1rez en el Estadio Ol\u00edmpico Universitario en la Jornada 16 de este Clausura 2026.<\/p>\n<p>Fue una jugada desafortunada donde el rival se barri\u00f3 y qued\u00f3 encima del mediocampista provocando la fractura, que se confirm\u00f3 tras los primeros estudios. Adem\u00e1s de que fue sometido a una cirug\u00eda, la cual lo mantendr\u00e1 alejado de las canchas varias semanas.<\/p>\n<p>Por esta raz\u00f3n, los Pumas mostraron su apoyo previo al partido ante los Tuzos, duelo en el que adem\u00e1s se jugaban la posibilidad de ser l\u00edderes generales y recibir todos los partidos de Liguilla en CU.<\/p>\n<p>#Pumas #Dedica #Mensaje #AlanMedina #Por #Dura #Lesi\u00f3n<\/p>\n","protected":false},"excerpt":{"rendered":"<p>\ud83d\udd38 Los compa\u00f1eros del mexicano le dedicaron una pancarta al lesionado Alan Medina, que tuvo que ser intervenido quir\u00fargicamente. #DEPORTES | El compa\u00f1erismo en Pumas\u00a0apareci\u00f3 previo al partido del equipo ante Pachuca en el Estadio Hidalgo, donde los jugadores mostraron una manta con un mensaje especial para su compa\u00f1ero Alan Medina, quien se lesion\u00f3 en [&hellip;]<\/p>\n","protected":false},"author":1,"featured_media":52782,"comment_status":"open","ping_status":"closed","sticky":false,"template":"","format":"standard","meta":{"footnotes":""},"categories":[6],"tags":[],"class_list":["post-52780","post","type-post","status-publish","format-standard","has-post-thumbnail","hentry","category-deportes"],"_links":{"self":[{"href":"https:\/\/solidaridadnews.com\/index.php?rest_route=\/wp\/v2\/posts\/52780","targetHints":{"allow":["GET"]}}],"collection":[{"href":"https:\/\/solidaridadnews.com\/index.php?rest_route=\/wp\/v2\/posts"}],"about":[{"href":"https:\/\/solidaridadnews.com\/index.php?rest_route=\/wp\/v2\/types\/post"}],"author":[{"embeddable":true,"href":"https:\/\/solidaridadnews.com\/index.php?rest_route=\/wp\/v2\/users\/1"}],"replies":[{"embeddable":true,"href":"https:\/\/solidaridadnews.com\/index.php?rest_route=%2Fwp%2Fv2%2Fcomments&post=52780"}],"version-history":[{"count":1,"href":"https:\/\/solidaridadnews.com\/index.php?rest_route=\/wp\/v2\/posts\/52780\/revisions"}],"predecessor-version":[{"id":52781,"href":"https:\/\/solidaridadnews.com\/index.php?rest_route=\/wp\/v2\/posts\/52780\/revisions\/52781"}],"wp:featuredmedia":[{"embeddable":true,"href":"https:\/\/solidaridadnews.com\/index.php?rest_route=\/wp\/v2\/media\/52782"}],"wp:attachment":[{"href":"https:\/\/solidaridadnews.com\/index.php?rest_route=%2Fwp%2Fv2%2Fmedia&parent=52780"}],"wp:term":[{"taxonomy":"category","embeddable":true,"href":"https:\/\/solidaridadnews.com\/index.php?rest_route=%2Fwp%2Fv2%2Fcategories&post=52780"},{"taxonomy":"post_tag","embeddable":true,"href":"https:\/\/solidaridadnews.com\/index.php?rest_route=%2Fwp%2Fv2%2Ftags&post=52780"}],"curies":[{"name":"wp","href":"https:\/\/api.w.org\/{rel}","templated":true}]}}