{"id":39024,"date":"2025-03-05T11:03:17","date_gmt":"2025-03-05T16:03:17","guid":{"rendered":"https:\/\/solidaridadnews.com\/?p=39024"},"modified":"2025-03-05T16:03:18","modified_gmt":"2025-03-05T16:03:18","slug":"luis-ernesto-munguia-arranca-obra-de-nueva-calle-en-boca-de-tomatlan","status":"publish","type":"post","link":"https:\/\/solidaridadnews.com\/?p=39024","title":{"rendered":"Luis Ernesto Mungu\u00eda arranca obra de nueva calle en Boca de Tomatl\u00e1n"},"content":{"rendered":"<p>\ud83d\udd38 El presidente municipal de Puerto Vallarta destaca el avance de obras que benefician a la comunidad local.<\/p>\n<p>#JALISCO | El presidente municipal de Puerto Vallarta, Luis Ernesto Mungu\u00eda, dio inicio a la construcci\u00f3n de una nueva calle en Boca de Tomatl\u00e1n, una obra que beneficiar\u00e1 directamente a los habitantes de la comunidad y facilitar\u00e1 su entrada y salida del pueblo.<\/p>\n<p>Mungu\u00eda destac\u00f3 que esta obra es una promesa m\u00e1s cumplida de su campa\u00f1a y un anhelo que la gente de Boca de Tomatl\u00e1n hab\u00eda solicitado durante a\u00f1os.<\/p>\n<p>\u00abCumplimos una promesa m\u00e1s de campa\u00f1a y un anhelo de la gente de Boca de Tomatl\u00e1n con el arranque de esta obra que servir\u00e1 para entrar y salir del pueblo; seguimos avanzando en el renacer de Vallarta\u00bb, expres\u00f3 Mungu\u00eda, enfatizando el compromiso de su gobierno con el desarrollo y bienestar de todas las comunidades del municipio.<\/p>\n","protected":false},"excerpt":{"rendered":"<p>\ud83d\udd38 El presidente municipal de Puerto Vallarta destaca el avance de obras que benefician a la comunidad local. #JALISCO | El presidente municipal de Puerto Vallarta, Luis Ernesto Mungu\u00eda, dio inicio a la construcci\u00f3n de una nueva calle en Boca de Tomatl\u00e1n, una obra que beneficiar\u00e1 directamente a los habitantes de la comunidad y facilitar\u00e1 [&hellip;]<\/p>\n","protected":false},"author":1,"featured_media":39026,"comment_status":"open","ping_status":"closed","sticky":false,"template":"","format":"standard","meta":{"footnotes":""},"categories":[23],"tags":[],"class_list":["post-39024","post","type-post","status-publish","format-standard","has-post-thumbnail","hentry","category-jalisco"],"_links":{"self":[{"href":"https:\/\/solidaridadnews.com\/index.php?rest_route=\/wp\/v2\/posts\/39024","targetHints":{"allow":["GET"]}}],"collection":[{"href":"https:\/\/solidaridadnews.com\/index.php?rest_route=\/wp\/v2\/posts"}],"about":[{"href":"https:\/\/solidaridadnews.com\/index.php?rest_route=\/wp\/v2\/types\/post"}],"author":[{"embeddable":true,"href":"https:\/\/solidaridadnews.com\/index.php?rest_route=\/wp\/v2\/users\/1"}],"replies":[{"embeddable":true,"href":"https:\/\/solidaridadnews.com\/index.php?rest_route=%2Fwp%2Fv2%2Fcomments&post=39024"}],"version-history":[{"count":1,"href":"https:\/\/solidaridadnews.com\/index.php?rest_route=\/wp\/v2\/posts\/39024\/revisions"}],"predecessor-version":[{"id":39025,"href":"https:\/\/solidaridadnews.com\/index.php?rest_route=\/wp\/v2\/posts\/39024\/revisions\/39025"}],"wp:featuredmedia":[{"embeddable":true,"href":"https:\/\/solidaridadnews.com\/index.php?rest_route=\/wp\/v2\/media\/39026"}],"wp:attachment":[{"href":"https:\/\/solidaridadnews.com\/index.php?rest_route=%2Fwp%2Fv2%2Fmedia&parent=39024"}],"wp:term":[{"taxonomy":"category","embeddable":true,"href":"https:\/\/solidaridadnews.com\/index.php?rest_route=%2Fwp%2Fv2%2Fcategories&post=39024"},{"taxonomy":"post_tag","embeddable":true,"href":"https:\/\/solidaridadnews.com\/index.php?rest_route=%2Fwp%2Fv2%2Ftags&post=39024"}],"curies":[{"name":"wp","href":"https:\/\/api.w.org\/{rel}","templated":true}]}}