{"id":38311,"date":"2025-01-28T11:43:23","date_gmt":"2025-01-28T16:43:23","guid":{"rendered":"https:\/\/solidaridadnews.com\/?p=38311"},"modified":"2025-01-28T16:43:24","modified_gmt":"2025-01-28T16:43:24","slug":"avion-se-incendia-en-aeropuerto-de-corea-del-sur-no-deja-victimas","status":"publish","type":"post","link":"https:\/\/solidaridadnews.com\/?p=38311","title":{"rendered":"Avi\u00f3n se incendia en aeropuerto de Corea del Sur; no deja v\u00edctimas"},"content":{"rendered":"<p>\ud83d\udd38 El incidente ocurri\u00f3 durante la noche del pasado martes; la deflagraci\u00f3n se produjo en la cola de la aeronave<\/p>\n<p>#COREADELSUR | Un avi\u00f3n de Air Busan se incendi\u00f3 en el Aeropuerto Internacional Gimhae en Busan, Corea del Sur, durante la noche del martes (hora local) y los 169 pasajeros y siete miembros de la tripulaci\u00f3n fueron evacuaron, inform\u00f3 la agencia de noticias surcoreana Yonhap, citando a las autoridades.<\/p>\n<p>El fuego comenz\u00f3 en la cola del avi\u00f3n, dijo Yonhap, alrededor de las 22:30 horas. Afortunadamente, el incidente no dej\u00f3 v\u00edctimas. Sin embargo, dos personas resultaron heridas en el proceso de evacuaci\u00f3n en el portaobjetos, de acuerdo con la propia agencia.<\/p>\n<p>Adem\u00e1s, el humo negro se dispar\u00f3 en el fuego y el incendio avanz\u00f3 r\u00e1pidamente, y las autoridades de incendios emitieron la primera etapa de respuesta. La aeronave es un Airbus 321, y la causa del incendio a\u00fan no se ha confirmado. Un testigo dijo a la agencia Yonhap: \u00abHab\u00eda mucho humo en la cola del avi\u00f3n, y las llamas se extendieron a una velocidad r\u00e1pida\u00bb.<\/p>\n<p>El incidente ocurre a un mes del desastre a\u00e9reo m\u00e1s mortal en suelo surcoreano cuando un vuelo de Jeju Air proveniente de Bangkok (Tailandia) se estrell\u00f3 en la pista del aeropuerto de Muan, ya que hizo un aterrizaje de emergencia, matando a todas menos a dos de las 181 personas y miembros de la tripulaci\u00f3n a bordo.<\/p>\n","protected":false},"excerpt":{"rendered":"<p>\ud83d\udd38 El incidente ocurri\u00f3 durante la noche del pasado martes; la deflagraci\u00f3n se produjo en la cola de la aeronave #COREADELSUR | Un avi\u00f3n de Air Busan se incendi\u00f3 en el Aeropuerto Internacional Gimhae en Busan, Corea del Sur, durante la noche del martes (hora local) y los 169 pasajeros y siete miembros de la [&hellip;]<\/p>\n","protected":false},"author":1,"featured_media":38313,"comment_status":"open","ping_status":"closed","sticky":false,"template":"","format":"standard","meta":{"footnotes":""},"categories":[9],"tags":[],"class_list":["post-38311","post","type-post","status-publish","format-standard","has-post-thumbnail","hentry","category-internacional"],"_links":{"self":[{"href":"https:\/\/solidaridadnews.com\/index.php?rest_route=\/wp\/v2\/posts\/38311","targetHints":{"allow":["GET"]}}],"collection":[{"href":"https:\/\/solidaridadnews.com\/index.php?rest_route=\/wp\/v2\/posts"}],"about":[{"href":"https:\/\/solidaridadnews.com\/index.php?rest_route=\/wp\/v2\/types\/post"}],"author":[{"embeddable":true,"href":"https:\/\/solidaridadnews.com\/index.php?rest_route=\/wp\/v2\/users\/1"}],"replies":[{"embeddable":true,"href":"https:\/\/solidaridadnews.com\/index.php?rest_route=%2Fwp%2Fv2%2Fcomments&post=38311"}],"version-history":[{"count":1,"href":"https:\/\/solidaridadnews.com\/index.php?rest_route=\/wp\/v2\/posts\/38311\/revisions"}],"predecessor-version":[{"id":38312,"href":"https:\/\/solidaridadnews.com\/index.php?rest_route=\/wp\/v2\/posts\/38311\/revisions\/38312"}],"wp:featuredmedia":[{"embeddable":true,"href":"https:\/\/solidaridadnews.com\/index.php?rest_route=\/wp\/v2\/media\/38313"}],"wp:attachment":[{"href":"https:\/\/solidaridadnews.com\/index.php?rest_route=%2Fwp%2Fv2%2Fmedia&parent=38311"}],"wp:term":[{"taxonomy":"category","embeddable":true,"href":"https:\/\/solidaridadnews.com\/index.php?rest_route=%2Fwp%2Fv2%2Fcategories&post=38311"},{"taxonomy":"post_tag","embeddable":true,"href":"https:\/\/solidaridadnews.com\/index.php?rest_route=%2Fwp%2Fv2%2Ftags&post=38311"}],"curies":[{"name":"wp","href":"https:\/\/api.w.org\/{rel}","templated":true}]}}