{"id":37960,"date":"2025-01-09T11:54:03","date_gmt":"2025-01-09T16:54:03","guid":{"rendered":"https:\/\/solidaridadnews.com\/?p=37960"},"modified":"2025-01-09T16:54:04","modified_gmt":"2025-01-09T16:54:04","slug":"murio-amparo-garrido-voz-de-blanca-nieves","status":"publish","type":"post","link":"https:\/\/solidaridadnews.com\/?p=37960","title":{"rendered":"Muri\u00f3 Amparo Garrido, voz de Blanca Nieves"},"content":{"rendered":"<p>\ud83d\udd38 La actriz de cine y televisi\u00f3n, as\u00ed como del doblaje de \u00e9xitos de Disney, falleci\u00f3 a los 95 a\u00f1os de edad<\/p>\n<p>#ESPECT\u00c1CULOS | La destacada actriz Amparo Garrido muri\u00f3 a los 95 a\u00f1os de edad.<\/p>\n<p>La noticia fue dada a conocer este jueves por su hijo, Ismael Larumbe, en redes sociales.<\/p>\n<p>La mejor mujer y madre que Dios me haya permitido conocer. Mi vida se va con ella\u201d, public\u00f3.<\/p>\n<p>Amparo Garrido Arozamena se desempe\u00f1\u00f3 como actriz en la pantalla chica y el cine, pero tambi\u00e9n prest\u00f3 su voz para doblajes de Disney.<\/p>\n<p>En televisi\u00f3n condujo junto a Alicia Rodr\u00edguez el programa Usted y sus amigas y particip\u00f3 en las telenovelas Teresa; Dos mujeres, un camino; Locura de amor; Cuidado con el \u00e1ngel y La tempestad, entre otras.<\/p>\n<p>Sus \u00faltimas actuaciones fueron en A que no me dejas y Simplemente Mar\u00eda, ambas de 2016.<\/p>\n<p>En cine, debut\u00f3 en la cinta Canta y no llores. Actu\u00f3 adem\u00e1s en Para que la cuna apriete, El se\u00f1or gobernador, La hija del enga\u00f1o y Viva la juventud, por mencionar algunas.<\/p>\n<p>Tambi\u00e9n prest\u00f3 su voz para los cl\u00e1sicos de Disney, Dumbo, Bambi, La dama y el vagabundo, as\u00ed como para el redoblaje en 1964 de Blanca Nieves y los siete enanos, en la que fue la princesa.<\/p>\n<p>Garrido cre\u00f3 en 1991, junto a su amiga Silvia Pinal, Luis Gimeno y Luis Couturier, la Asociaci\u00f3n Rafael Banquels en beneficio de artistas de la tercera edad.<\/p>\n<p>Retirada del medio art\u00edstico, Amparo Garrido se dedic\u00f3 a escribir poes\u00eda y lanz\u00f3 el libro Pasi\u00f3n y Soledad.<\/p>\n<p>Sus poemas los declamaba y publicaba en video.<\/p>\n","protected":false},"excerpt":{"rendered":"<p>\ud83d\udd38 La actriz de cine y televisi\u00f3n, as\u00ed como del doblaje de \u00e9xitos de Disney, falleci\u00f3 a los 95 a\u00f1os de edad #ESPECT\u00c1CULOS | La destacada actriz Amparo Garrido muri\u00f3 a los 95 a\u00f1os de edad. La noticia fue dada a conocer este jueves por su hijo, Ismael Larumbe, en redes sociales. La mejor mujer [&hellip;]<\/p>\n","protected":false},"author":1,"featured_media":37962,"comment_status":"open","ping_status":"closed","sticky":false,"template":"","format":"standard","meta":{"footnotes":""},"categories":[3],"tags":[],"class_list":["post-37960","post","type-post","status-publish","format-standard","has-post-thumbnail","hentry","category-espectaculos"],"_links":{"self":[{"href":"https:\/\/solidaridadnews.com\/index.php?rest_route=\/wp\/v2\/posts\/37960","targetHints":{"allow":["GET"]}}],"collection":[{"href":"https:\/\/solidaridadnews.com\/index.php?rest_route=\/wp\/v2\/posts"}],"about":[{"href":"https:\/\/solidaridadnews.com\/index.php?rest_route=\/wp\/v2\/types\/post"}],"author":[{"embeddable":true,"href":"https:\/\/solidaridadnews.com\/index.php?rest_route=\/wp\/v2\/users\/1"}],"replies":[{"embeddable":true,"href":"https:\/\/solidaridadnews.com\/index.php?rest_route=%2Fwp%2Fv2%2Fcomments&post=37960"}],"version-history":[{"count":1,"href":"https:\/\/solidaridadnews.com\/index.php?rest_route=\/wp\/v2\/posts\/37960\/revisions"}],"predecessor-version":[{"id":37961,"href":"https:\/\/solidaridadnews.com\/index.php?rest_route=\/wp\/v2\/posts\/37960\/revisions\/37961"}],"wp:featuredmedia":[{"embeddable":true,"href":"https:\/\/solidaridadnews.com\/index.php?rest_route=\/wp\/v2\/media\/37962"}],"wp:attachment":[{"href":"https:\/\/solidaridadnews.com\/index.php?rest_route=%2Fwp%2Fv2%2Fmedia&parent=37960"}],"wp:term":[{"taxonomy":"category","embeddable":true,"href":"https:\/\/solidaridadnews.com\/index.php?rest_route=%2Fwp%2Fv2%2Fcategories&post=37960"},{"taxonomy":"post_tag","embeddable":true,"href":"https:\/\/solidaridadnews.com\/index.php?rest_route=%2Fwp%2Fv2%2Ftags&post=37960"}],"curies":[{"name":"wp","href":"https:\/\/api.w.org\/{rel}","templated":true}]}}