{"id":37917,"date":"2025-01-06T11:38:11","date_gmt":"2025-01-06T16:38:11","guid":{"rendered":"https:\/\/solidaridadnews.com\/?p=37917"},"modified":"2025-01-06T16:38:12","modified_gmt":"2025-01-06T16:38:12","slug":"renuncia-primer-ministro-de-canada-y-lider-del-partido-liberal","status":"publish","type":"post","link":"https:\/\/solidaridadnews.com\/?p=37917","title":{"rendered":"Renuncia primer ministro de Canad\u00e1 y l\u00edder del Partido Liberal"},"content":{"rendered":"<p>\ud83d\udd38 Justin Trudeau detall\u00f3 que dejar\u00e1 el cargo de una vez que su instituci\u00f3n partidista elija a su sustituto<\/p>\n<p>#CANAD\u00c1 | Justin Trudeau renunci\u00f3 este lunes como primer ministro de Canad\u00e1 y l\u00edder del Partido Liberal.<\/p>\n<p>\u201cTengo la intenci\u00f3n de dimitir como l\u00edder del partido, como Primer Ministro, despu\u00e9s de que el partido seleccione a su pr\u00f3ximo l\u00edder a trav\u00e9s de un s\u00f3lido proceso competitivo a nivel nacional\u201d, se\u00f1al\u00f3.<\/p>\n<p>\u201cEste pa\u00eds merece una opci\u00f3n real en las pr\u00f3ximas elecciones, y me ha quedado claro que si tengo que librar batallas internas, no puedo ser la mejor opci\u00f3n en esas elecciones\u201d, destac\u00f3..<\/p>\n","protected":false},"excerpt":{"rendered":"<p>\ud83d\udd38 Justin Trudeau detall\u00f3 que dejar\u00e1 el cargo de una vez que su instituci\u00f3n partidista elija a su sustituto #CANAD\u00c1 | Justin Trudeau renunci\u00f3 este lunes como primer ministro de Canad\u00e1 y l\u00edder del Partido Liberal. \u201cTengo la intenci\u00f3n de dimitir como l\u00edder del partido, como Primer Ministro, despu\u00e9s de que el partido seleccione a [&hellip;]<\/p>\n","protected":false},"author":1,"featured_media":37919,"comment_status":"open","ping_status":"closed","sticky":false,"template":"","format":"standard","meta":{"footnotes":""},"categories":[9],"tags":[],"class_list":["post-37917","post","type-post","status-publish","format-standard","has-post-thumbnail","hentry","category-internacional"],"_links":{"self":[{"href":"https:\/\/solidaridadnews.com\/index.php?rest_route=\/wp\/v2\/posts\/37917","targetHints":{"allow":["GET"]}}],"collection":[{"href":"https:\/\/solidaridadnews.com\/index.php?rest_route=\/wp\/v2\/posts"}],"about":[{"href":"https:\/\/solidaridadnews.com\/index.php?rest_route=\/wp\/v2\/types\/post"}],"author":[{"embeddable":true,"href":"https:\/\/solidaridadnews.com\/index.php?rest_route=\/wp\/v2\/users\/1"}],"replies":[{"embeddable":true,"href":"https:\/\/solidaridadnews.com\/index.php?rest_route=%2Fwp%2Fv2%2Fcomments&post=37917"}],"version-history":[{"count":1,"href":"https:\/\/solidaridadnews.com\/index.php?rest_route=\/wp\/v2\/posts\/37917\/revisions"}],"predecessor-version":[{"id":37918,"href":"https:\/\/solidaridadnews.com\/index.php?rest_route=\/wp\/v2\/posts\/37917\/revisions\/37918"}],"wp:featuredmedia":[{"embeddable":true,"href":"https:\/\/solidaridadnews.com\/index.php?rest_route=\/wp\/v2\/media\/37919"}],"wp:attachment":[{"href":"https:\/\/solidaridadnews.com\/index.php?rest_route=%2Fwp%2Fv2%2Fmedia&parent=37917"}],"wp:term":[{"taxonomy":"category","embeddable":true,"href":"https:\/\/solidaridadnews.com\/index.php?rest_route=%2Fwp%2Fv2%2Fcategories&post=37917"},{"taxonomy":"post_tag","embeddable":true,"href":"https:\/\/solidaridadnews.com\/index.php?rest_route=%2Fwp%2Fv2%2Ftags&post=37917"}],"curies":[{"name":"wp","href":"https:\/\/api.w.org\/{rel}","templated":true}]}}