{"id":37905,"date":"2025-01-06T11:16:17","date_gmt":"2025-01-06T16:16:17","guid":{"rendered":"https:\/\/solidaridadnews.com\/?p=37905"},"modified":"2025-01-06T16:16:18","modified_gmt":"2025-01-06T16:16:18","slug":"parlamento-de-venezuela-pedira-declarar-personas-no-gratas-a-felipe-calderon-y-vicente-fox","status":"publish","type":"post","link":"https:\/\/solidaridadnews.com\/?p=37905","title":{"rendered":"Parlamento de Venezuela pedir\u00e1 declarar personas no gratas a Felipe Calder\u00f3n y Vicente Fox"},"content":{"rendered":"<p>\ud83d\udd38 Los expresidentes mexicanos se encuentran en una lista junto a otras tres figuras de la pol\u00edtica en Am\u00e9rica latina<\/p>\n<p>#INTERNACIONAL | El presidente del Parlamento venezolano, Jorge Rodr\u00edguez, inform\u00f3 este domingo que propondr\u00e1 ante la C\u00e1mara, el pr\u00f3ximo martes, declarar personas no gratas a los exmandatarios Felipe Calder\u00f3n y Vicente Fox (M\u00e9xico), Jorge Quiroga (Bolivia), Mario Abdo Ben\u00edtez (Paraguay) y Mireya Moscoso (Panam\u00e1), quienes -agreg\u00f3- pretenden ingresar a Venezuela.<\/p>\n<p>\u201cAtr\u00e9vanse a entrar para que vean de qu\u00e9 estamos hablando cuando hablamos de defensa de la patria, de defensa del territorio y de defensa de la vida\u201d, manifest\u00f3 Rodr\u00edguez, que record\u00f3 que \u201csi un extranjero ingresa sin la debida autorizaci\u00f3n\u201d, esto \u201cno puede ser considerado sino como un acto de invasi\u00f3n\u201d.<\/p>\n<p>En diciembre pasado, el exmandatario de Colombia Andr\u00e9s Pastrana declar\u00f3 a Radio Caracol que propuso a un grupo de expresidentes apoyar al l\u00edder de la oposici\u00f3n mayoritaria, Edmundo Gonz\u00e1lez Urrutia, en su objetivo de asumir la Presidencia de Venezuela, que reclama al considerar que Nicol\u00e1s Maduro fue proclamado ganador de manera fraudulenta por el ente electoral.<\/p>\n<p>Pastrana es uno de los expresidentes que conforman el grupo Iniciativa Democr\u00e1tica de Espa\u00f1a y las Am\u00e9ricas (IDEA), del que varios integrantes intentaron viajar a Venezuela en julio, invitados por la oposici\u00f3n, pero no pudieron debido a que el Ejecutivo de Maduro vet\u00f3 la entrada al pa\u00eds del avi\u00f3n en el que ten\u00edan previsto volar.<\/p>\n<p>Recientemente, Moscoso inform\u00f3 que nueve l\u00edderes de la IDEA acompa\u00f1ar\u00e1n a Gonz\u00e1lez Urrutia en su gira internacional en busca de apoyos para asumir la Presidencia el pr\u00f3ximo 10 de enero, al asegurar que fue el ganador de las elecciones del 28 de julio.<\/p>\n<p>Aunque la reelecci\u00f3n de Maduro ha recibido cr\u00edticas de la comunidad internacional, principalmente por falta de pruebas del Consejo Nacional Electoral (CNE) que avalen su triunfo, todas las instituciones del pa\u00eds -incluidas las Fuerzas Armadas- respaldan al l\u00edder chavista y ven a los miembros de la mayor coalici\u00f3n opositora como golpistas que pretenden tomar el poder a la fuerza.<\/p>\n","protected":false},"excerpt":{"rendered":"<p>\ud83d\udd38 Los expresidentes mexicanos se encuentran en una lista junto a otras tres figuras de la pol\u00edtica en Am\u00e9rica latina #INTERNACIONAL | El presidente del Parlamento venezolano, Jorge Rodr\u00edguez, inform\u00f3 este domingo que propondr\u00e1 ante la C\u00e1mara, el pr\u00f3ximo martes, declarar personas no gratas a los exmandatarios Felipe Calder\u00f3n y Vicente Fox (M\u00e9xico), Jorge Quiroga [&hellip;]<\/p>\n","protected":false},"author":1,"featured_media":37907,"comment_status":"open","ping_status":"closed","sticky":false,"template":"","format":"standard","meta":{"footnotes":""},"categories":[9],"tags":[],"class_list":["post-37905","post","type-post","status-publish","format-standard","has-post-thumbnail","hentry","category-internacional"],"_links":{"self":[{"href":"https:\/\/solidaridadnews.com\/index.php?rest_route=\/wp\/v2\/posts\/37905","targetHints":{"allow":["GET"]}}],"collection":[{"href":"https:\/\/solidaridadnews.com\/index.php?rest_route=\/wp\/v2\/posts"}],"about":[{"href":"https:\/\/solidaridadnews.com\/index.php?rest_route=\/wp\/v2\/types\/post"}],"author":[{"embeddable":true,"href":"https:\/\/solidaridadnews.com\/index.php?rest_route=\/wp\/v2\/users\/1"}],"replies":[{"embeddable":true,"href":"https:\/\/solidaridadnews.com\/index.php?rest_route=%2Fwp%2Fv2%2Fcomments&post=37905"}],"version-history":[{"count":1,"href":"https:\/\/solidaridadnews.com\/index.php?rest_route=\/wp\/v2\/posts\/37905\/revisions"}],"predecessor-version":[{"id":37906,"href":"https:\/\/solidaridadnews.com\/index.php?rest_route=\/wp\/v2\/posts\/37905\/revisions\/37906"}],"wp:featuredmedia":[{"embeddable":true,"href":"https:\/\/solidaridadnews.com\/index.php?rest_route=\/wp\/v2\/media\/37907"}],"wp:attachment":[{"href":"https:\/\/solidaridadnews.com\/index.php?rest_route=%2Fwp%2Fv2%2Fmedia&parent=37905"}],"wp:term":[{"taxonomy":"category","embeddable":true,"href":"https:\/\/solidaridadnews.com\/index.php?rest_route=%2Fwp%2Fv2%2Fcategories&post=37905"},{"taxonomy":"post_tag","embeddable":true,"href":"https:\/\/solidaridadnews.com\/index.php?rest_route=%2Fwp%2Fv2%2Ftags&post=37905"}],"curies":[{"name":"wp","href":"https:\/\/api.w.org\/{rel}","templated":true}]}}