{"id":37851,"date":"2024-12-31T14:12:59","date_gmt":"2024-12-31T19:12:59","guid":{"rendered":"https:\/\/solidaridadnews.com\/?p=37851"},"modified":"2024-12-31T19:13:00","modified_gmt":"2024-12-31T19:13:00","slug":"tarjeta-del-bienestar-tiene-nueva-imagen-que-sucedera-con-las-anteriores","status":"publish","type":"post","link":"https:\/\/solidaridadnews.com\/?p=37851","title":{"rendered":"Tarjeta del Bienestar tiene nueva imagen: \u00bfQu\u00e9 suceder\u00e1 con las anteriores?"},"content":{"rendered":"<p>\ud83d\udd38 El pl\u00e1stico donde millones de mexicanos reciben programas sociales tendr\u00e1 un nuevo aspecto para el 2025.<\/p>\n<p>#NACIONAL | La Tarjeta del Bienestar, donde millones de mexicanos recibir\u00e1n apoyos econ\u00f3micos gubernamentales el pr\u00f3ximo 2025, tendr\u00e1 una nueva apariencia, seg\u00fan lo informado por la presidenta, Claudia Sheinbaum, durante la \u201cMa\u00f1anera del Pueblo\u201d.<\/p>\n<p>Esta renovaci\u00f3n no afectar\u00e1 en nada el funcionamiento de las Tarjetas del Bienestar entregadas a los beneficiarios durante el sexenio del expresidente Andr\u00e9s Manuel L\u00f3pez Obrador.<\/p>\n<p>A trav\u00e9s de este medio, las personas reciben los recursos de programas como la Pensi\u00f3n para los adultos mayores, el Programa de apoyo para el bienestar de ni\u00f1as y ni\u00f1os hijos de madres trabajadoras y la Beca Benito Ju\u00e1rez.<\/p>\n<p>\u201cSiguen siendo v\u00e1lidas (las tarjetas) para adulto mayor, discapacidad, todos los programas de Bienestar, que hoy son derechos, siguen siendo v\u00e1lidas\u201d, explic\u00f3 la mandataria.<\/p>\n<p>La Tarjeta del Bienestar se entregar\u00e1 el 03 de enero de 2025, as\u00ed lo indic\u00f3 Ariadna Montiel, secretaria del Bienestar.<\/p>\n<p>Adem\u00e1s, detall\u00f3 que las primeras personas que tendr\u00e1n el nuevo pl\u00e1stico ser\u00e1n las mujeres de 63 y 64 a\u00f1os, integradas al programa Pensi\u00f3n Mujeres Bienestar en el Estado de M\u00e9xico.<\/p>\n<p>A partir de febrero, los estudiantes registrados en la Beca Rita Cetina Guti\u00e9rrez tambi\u00e9n recibir\u00e1n las nuevas Tarjetas del Bienestar.<\/p>\n<p>\u201cEl 03 de enero hacemos la primera entrega de las tarjetas. Ya vamos a ir al Estado de M\u00e9xico para entregar las primeras tarjetas, y durante los primeros meses se van a entregar las Tarjetas del Bienestar del Banco del Bienestar\u201d, expres\u00f3 Sheinbaum.<\/p>\n<p>Las nuevas tarjetas del Banco del Bienestar tendr\u00e1n la imagen de la joven mexicana que representa al gobierno de Claudia Sheinbaum.<\/p>\n","protected":false},"excerpt":{"rendered":"<p>\ud83d\udd38 El pl\u00e1stico donde millones de mexicanos reciben programas sociales tendr\u00e1 un nuevo aspecto para el 2025. #NACIONAL | La Tarjeta del Bienestar, donde millones de mexicanos recibir\u00e1n apoyos econ\u00f3micos gubernamentales el pr\u00f3ximo 2025, tendr\u00e1 una nueva apariencia, seg\u00fan lo informado por la presidenta, Claudia Sheinbaum, durante la \u201cMa\u00f1anera del Pueblo\u201d. Esta renovaci\u00f3n no afectar\u00e1 [&hellip;]<\/p>\n","protected":false},"author":1,"featured_media":37853,"comment_status":"open","ping_status":"closed","sticky":false,"template":"","format":"standard","meta":{"footnotes":""},"categories":[2],"tags":[],"class_list":["post-37851","post","type-post","status-publish","format-standard","has-post-thumbnail","hentry","category-nacional"],"_links":{"self":[{"href":"https:\/\/solidaridadnews.com\/index.php?rest_route=\/wp\/v2\/posts\/37851","targetHints":{"allow":["GET"]}}],"collection":[{"href":"https:\/\/solidaridadnews.com\/index.php?rest_route=\/wp\/v2\/posts"}],"about":[{"href":"https:\/\/solidaridadnews.com\/index.php?rest_route=\/wp\/v2\/types\/post"}],"author":[{"embeddable":true,"href":"https:\/\/solidaridadnews.com\/index.php?rest_route=\/wp\/v2\/users\/1"}],"replies":[{"embeddable":true,"href":"https:\/\/solidaridadnews.com\/index.php?rest_route=%2Fwp%2Fv2%2Fcomments&post=37851"}],"version-history":[{"count":1,"href":"https:\/\/solidaridadnews.com\/index.php?rest_route=\/wp\/v2\/posts\/37851\/revisions"}],"predecessor-version":[{"id":37852,"href":"https:\/\/solidaridadnews.com\/index.php?rest_route=\/wp\/v2\/posts\/37851\/revisions\/37852"}],"wp:featuredmedia":[{"embeddable":true,"href":"https:\/\/solidaridadnews.com\/index.php?rest_route=\/wp\/v2\/media\/37853"}],"wp:attachment":[{"href":"https:\/\/solidaridadnews.com\/index.php?rest_route=%2Fwp%2Fv2%2Fmedia&parent=37851"}],"wp:term":[{"taxonomy":"category","embeddable":true,"href":"https:\/\/solidaridadnews.com\/index.php?rest_route=%2Fwp%2Fv2%2Fcategories&post=37851"},{"taxonomy":"post_tag","embeddable":true,"href":"https:\/\/solidaridadnews.com\/index.php?rest_route=%2Fwp%2Fv2%2Ftags&post=37851"}],"curies":[{"name":"wp","href":"https:\/\/api.w.org\/{rel}","templated":true}]}}