{"id":37749,"date":"2024-12-26T11:52:49","date_gmt":"2024-12-26T16:52:49","guid":{"rendered":"https:\/\/solidaridadnews.com\/?p=37749"},"modified":"2024-12-26T16:52:50","modified_gmt":"2024-12-26T16:52:50","slug":"en-2025-habra-mas-domos-en-escuelas-de-nivel-basico-bachillerato-y-universidades-mara-lezama","status":"publish","type":"post","link":"https:\/\/solidaridadnews.com\/?p=37749","title":{"rendered":"En 2025 habr\u00e1 m\u00e1s domos en escuelas de nivel b\u00e1sico, bachillerato y universidades: Mara Lezama"},"content":{"rendered":"<p>\ud83d\udd38 Durante el programa \u201cLa Voz del Pueblo\u201d reitera su compromiso con la salud de las ni\u00f1as, ni\u00f1os, adolescentes y j\u00f3venes para la construcci\u00f3n de m\u00e1s domos<\/p>\n<p>&nbsp;<\/p>\n<p>#QUINTANAROO |\u00a0 La gobernadora Mara Lezama Espinosa, anunci\u00f3 durante el programa \u201cLa Voz del Pueblo\u201d que el pr\u00f3ximo a\u00f1o continuar\u00e1 la construcci\u00f3n de domos en las escuelas de nivel b\u00e1sico, bachillerato y universidades, porque la salud de las ni\u00f1as, ni\u00f1os, adolescentes y j\u00f3venes es prioridad en este gobierno humanista con coraz\u00f3n feminista.<\/p>\n<p>Record\u00f3 que en d\u00edas pasados sostuvo una reuni\u00f3n de trabajo con el director del Instituto Nacional de la Infraestructura F\u00edsica Educativa (INIFED) Francisco Javier Uranga, a quien le expuso la necesidad de la construcci\u00f3n de los domos en los planteles educativos, a lo que obtuvo una respuesta positiva por parte del Gobierno Federal de la Cuarta Transformaci\u00f3n.<\/p>\n<p>Asimismo, Mara Lezama explic\u00f3 que por Ley y gracias a las y los diputados del Congreso del Estado, todas las escuelas de nueva construcci\u00f3n contar\u00e1n con un domo por obligatoriedad.<\/p>\n<p>La titular del Ejecutivo estatal durante el programa \u201cLa Voz del Pueblo\u201d que se transmite todos los jueves de 08:00 a las 09:00 horas, dijo que mediante la Secretar\u00eda de Educaci\u00f3n y el Instituto de Infraestructura F\u00edsica Educativa de Quintana Roo, se est\u00e1 haciendo un levantamiento en los 11 municipios del estado para edificar m\u00e1s de mil 100 domos.<\/p>\n<p>La Gobernadora, durante el programa invit\u00f3 a la poblaci\u00f3n que a partir de enero y hasta marzo se cuenta con subsidio para el pago de la tenencia vehicular, ya que solo se paga un refrendo anual 2025, por ello es importante acudir a las cajas recaudadoras de la Secretar\u00eda de Finanzas y Planeaci\u00f3n (SEFIPLAN) a realizar dicho tr\u00e1mite o hacerlo en l\u00ednea a trav\u00e9s del link https:\/\/satq.qroo.gob.mx\/controlvehicular\/.<\/p>\n<p>Dijo, que el costo del refrendo 2025 de veh\u00edculos, camionetas, camiones, autobuses, remolques es de 728 pesos; para motocicletas 478 y en febrero se actualizar\u00e1n los costos de acuerdo al UMA.<\/p>\n<p>Durante la \u00faltima emisi\u00f3n de este a\u00f1o de \u201cLa Voz del Pueblo\u201d la gobernadora Mara Lezama present\u00f3 un caso de \u00e9xito del joven Omar Emiliano Ch\u00e1vez Rodr\u00edguez quien desde el 2020 hab\u00eda solicitado su certificado de bachillerato y a trav\u00e9s del programa y la Secretar\u00eda de Educaci\u00f3n de Quintana Roo (SEQ) se atendi\u00f3 de manera inmediata y se le otorg\u00f3 dicha documentaci\u00f3n.<\/p>\n<p>Durante \u201cLa Voz del Pueblo\u201d que se transmite por las redes sociales de la titular del Ejecutivo, Mara Lezama, reiter\u00f3 su compromiso con las y los habitantes de la colonia Colosio en Playa del Carmen, quienes han empezado a recibir sus t\u00edtulos de propiedad y ya con el asentamiento en el Registro P\u00fablico de la Propiedad y el Comercio del Estado.<\/p>\n<p>La gobernadora Mara Lezama, indic\u00f3 que ya es una realidad para que todas y todos los tulumnenses tengan acceso gratuito al parque del Jaguar, as\u00ed como todos los nacionales y extranjeros que acrediten su residencia.<\/p>\n<p>De igual forma hizo una invitaci\u00f3n a la poblaci\u00f3n cancunense a dar un destino final a sus \u00e1rboles navide\u00f1os en los centros de acopio que est\u00e1n distribuidos en distintos puntos de la ciudad.<\/p>\n<p>Tambi\u00e9n Mara Lezama hizo un llamado a la poblaci\u00f3n a no caer en fraudes por la venta de terrenos, para evitarlo deben consultar en la Agencia de Proyectos Estrat\u00e9gicos (AGEPRO) donde les ofrecen asesor\u00eda y dan respuesta de la legitimidad del predio en venta o bien pueden llamar al n\u00famero 983 184 0860.<\/p>\n<p>La primera gobernadora mujer de Quintana Roo puntualiz\u00f3 que en Cozumel, Kuchumat\u00e1n y Mayabalam ya se ha dado certeza jur\u00eddica sobre sus terrenos a decenas de familias y seguridad en su patrimonio como se establece en el Nuevo Acuerdo por el Bienestar y Desarrollo de Quintana Roo.<\/p>\n<p>Mara Lezama recalc\u00f3 a la poblaci\u00f3n a extremar sus cuidados en estas fechas decembrinas y de fin de a\u00f1o, as\u00ed como no hacer uso de pirotecnia para evitar accidentes.<\/p>\n<p>Finalmente, la Gobernadora dese\u00f3 a las y los quintanarroenses, visitantes y turistas a tener un fin de a\u00f1o feliz, con salud y prosperidad acompa\u00f1ados de sus familiares.<\/p>\n","protected":false},"excerpt":{"rendered":"<p>\ud83d\udd38 Durante el programa \u201cLa Voz del Pueblo\u201d reitera su compromiso con la salud de las ni\u00f1as, ni\u00f1os, adolescentes y j\u00f3venes para la construcci\u00f3n de m\u00e1s domos &nbsp; #QUINTANAROO |\u00a0 La gobernadora Mara Lezama Espinosa, anunci\u00f3 durante el programa \u201cLa Voz del Pueblo\u201d que el pr\u00f3ximo a\u00f1o continuar\u00e1 la construcci\u00f3n de domos en las escuelas [&hellip;]<\/p>\n","protected":false},"author":1,"featured_media":37751,"comment_status":"open","ping_status":"closed","sticky":false,"template":"","format":"standard","meta":{"footnotes":""},"categories":[5],"tags":[],"class_list":["post-37749","post","type-post","status-publish","format-standard","has-post-thumbnail","hentry","category-quintana-roo"],"_links":{"self":[{"href":"https:\/\/solidaridadnews.com\/index.php?rest_route=\/wp\/v2\/posts\/37749","targetHints":{"allow":["GET"]}}],"collection":[{"href":"https:\/\/solidaridadnews.com\/index.php?rest_route=\/wp\/v2\/posts"}],"about":[{"href":"https:\/\/solidaridadnews.com\/index.php?rest_route=\/wp\/v2\/types\/post"}],"author":[{"embeddable":true,"href":"https:\/\/solidaridadnews.com\/index.php?rest_route=\/wp\/v2\/users\/1"}],"replies":[{"embeddable":true,"href":"https:\/\/solidaridadnews.com\/index.php?rest_route=%2Fwp%2Fv2%2Fcomments&post=37749"}],"version-history":[{"count":1,"href":"https:\/\/solidaridadnews.com\/index.php?rest_route=\/wp\/v2\/posts\/37749\/revisions"}],"predecessor-version":[{"id":37750,"href":"https:\/\/solidaridadnews.com\/index.php?rest_route=\/wp\/v2\/posts\/37749\/revisions\/37750"}],"wp:featuredmedia":[{"embeddable":true,"href":"https:\/\/solidaridadnews.com\/index.php?rest_route=\/wp\/v2\/media\/37751"}],"wp:attachment":[{"href":"https:\/\/solidaridadnews.com\/index.php?rest_route=%2Fwp%2Fv2%2Fmedia&parent=37749"}],"wp:term":[{"taxonomy":"category","embeddable":true,"href":"https:\/\/solidaridadnews.com\/index.php?rest_route=%2Fwp%2Fv2%2Fcategories&post=37749"},{"taxonomy":"post_tag","embeddable":true,"href":"https:\/\/solidaridadnews.com\/index.php?rest_route=%2Fwp%2Fv2%2Ftags&post=37749"}],"curies":[{"name":"wp","href":"https:\/\/api.w.org\/{rel}","templated":true}]}}