{"id":37517,"date":"2024-12-13T13:13:12","date_gmt":"2024-12-13T18:13:12","guid":{"rendered":"https:\/\/solidaridadnews.com\/?p=37517"},"modified":"2024-12-13T18:13:30","modified_gmt":"2024-12-13T18:13:30","slug":"presidenta-responde-a-solicitud-de-nino-de-puebla","status":"publish","type":"post","link":"https:\/\/solidaridadnews.com\/?p=37517","title":{"rendered":"Presidenta responde a solicitud de ni\u00f1o de Puebla"},"content":{"rendered":"<p>\ud83d\udd38 Desde sus oficinas en Palacio Nacional, fue videograbada la llamada telef\u00f3nica que la mandataria hizo al ni\u00f1o Mateo.<\/p>\n<p>#NACIONAL | La presidenta de la Rep\u00fablica, Claudia Sheinbaum, respondi\u00f3 a un ni\u00f1o que le entreg\u00f3 un dibujo con un mensaje, en su reciente visita a Puebla.<\/p>\n<p>Desde sus oficinas en Palacio Nacional, fue videograbada la llamada telef\u00f3nica que la mandataria hizo al ni\u00f1o Mateo. En la casa del joven tambi\u00e9n fue grabada la llamada telef\u00f3nica.<\/p>\n<p>\u00abAyer, en Puebla me encontr\u00e9 con Mateo, un ni\u00f1o que me regal\u00f3 un dibujo precioso. Hoy le llam\u00e9: me cont\u00f3 qu\u00e9 quiere ser de grande y lo que necesita su maestra; lo atenderemos. Es lo m\u00e1ximo y estaremos en contacto\u201d, escribi\u00f3 la jefa del Ejecutivo federal en sus cuentas de redes sociales.<\/p>\n<p>Mateo pidi\u00f3 a la Presidenta que haga lo posible para mejorar las condiciones salariales de su maestra en el Instituto Navarro y Ju\u00e1rez.<\/p>\n<p>La Presidenta cuestion\u00f3 al ni\u00f1o sobre qu\u00e9 desea ser de adulto. \u201cYo quiero ser militar para luchar por mi patria\u201d, respondi\u00f3 Mateo.<\/p>\n<div style=\"width: 640px;\" class=\"wp-video\"><video class=\"wp-video-shortcode\" id=\"video-37517-1\" width=\"640\" height=\"1138\" preload=\"metadata\" controls=\"controls\"><source type=\"video\/mp4\" src=\"https:\/\/paginascdmx.site\/wp-content\/uploads\/2024\/12\/WhatsApp-Video-2024-12-13-at-08.41.41.mp4?_=1\" \/><a href=\"https:\/\/paginascdmx.site\/wp-content\/uploads\/2024\/12\/WhatsApp-Video-2024-12-13-at-08.41.41.mp4\">https:\/\/paginascdmx.site\/wp-content\/uploads\/2024\/12\/WhatsApp-Video-2024-12-13-at-08.41.41.mp4<\/a><\/video><\/div>\n","protected":false},"excerpt":{"rendered":"<p>\ud83d\udd38 Desde sus oficinas en Palacio Nacional, fue videograbada la llamada telef\u00f3nica que la mandataria hizo al ni\u00f1o Mateo. #NACIONAL | La presidenta de la Rep\u00fablica, Claudia Sheinbaum, respondi\u00f3 a un ni\u00f1o que le entreg\u00f3 un dibujo con un mensaje, en su reciente visita a Puebla. Desde sus oficinas en Palacio Nacional, fue videograbada la [&hellip;]<\/p>\n","protected":false},"author":1,"featured_media":37519,"comment_status":"open","ping_status":"closed","sticky":false,"template":"","format":"standard","meta":{"footnotes":""},"categories":[2],"tags":[],"class_list":["post-37517","post","type-post","status-publish","format-standard","has-post-thumbnail","hentry","category-nacional"],"_links":{"self":[{"href":"https:\/\/solidaridadnews.com\/index.php?rest_route=\/wp\/v2\/posts\/37517","targetHints":{"allow":["GET"]}}],"collection":[{"href":"https:\/\/solidaridadnews.com\/index.php?rest_route=\/wp\/v2\/posts"}],"about":[{"href":"https:\/\/solidaridadnews.com\/index.php?rest_route=\/wp\/v2\/types\/post"}],"author":[{"embeddable":true,"href":"https:\/\/solidaridadnews.com\/index.php?rest_route=\/wp\/v2\/users\/1"}],"replies":[{"embeddable":true,"href":"https:\/\/solidaridadnews.com\/index.php?rest_route=%2Fwp%2Fv2%2Fcomments&post=37517"}],"version-history":[{"count":1,"href":"https:\/\/solidaridadnews.com\/index.php?rest_route=\/wp\/v2\/posts\/37517\/revisions"}],"predecessor-version":[{"id":37518,"href":"https:\/\/solidaridadnews.com\/index.php?rest_route=\/wp\/v2\/posts\/37517\/revisions\/37518"}],"wp:featuredmedia":[{"embeddable":true,"href":"https:\/\/solidaridadnews.com\/index.php?rest_route=\/wp\/v2\/media\/37519"}],"wp:attachment":[{"href":"https:\/\/solidaridadnews.com\/index.php?rest_route=%2Fwp%2Fv2%2Fmedia&parent=37517"}],"wp:term":[{"taxonomy":"category","embeddable":true,"href":"https:\/\/solidaridadnews.com\/index.php?rest_route=%2Fwp%2Fv2%2Fcategories&post=37517"},{"taxonomy":"post_tag","embeddable":true,"href":"https:\/\/solidaridadnews.com\/index.php?rest_route=%2Fwp%2Fv2%2Ftags&post=37517"}],"curies":[{"name":"wp","href":"https:\/\/api.w.org\/{rel}","templated":true}]}}