{"id":37437,"date":"2024-12-07T23:41:48","date_gmt":"2024-12-08T04:41:48","guid":{"rendered":"https:\/\/solidaridadnews.com\/?p=37437"},"modified":"2024-12-08T04:41:58","modified_gmt":"2024-12-08T04:41:58","slug":"crean-corrido-al-america-para-motivarlos-ante-cruz-azul","status":"publish","type":"post","link":"https:\/\/solidaridadnews.com\/?p=37437","title":{"rendered":"Crean corrido al Am\u00e9rica para motivarlos ante Cruz Azul"},"content":{"rendered":"<p>\ud83d\udd38 El cantante Uriel Barrag\u00e1n dedic\u00f3 una nueva composici\u00f3n al equipo de Jardine para ganar el Tricampeonato.<\/p>\n<p>#DEPORTES | Las \u00c1guilas del Am\u00e9rica contar\u00e1n con motivaci\u00f3n extra para la Semifinal de Vuelta ante Cruz Azul a disputarse este fin de semana con la esperanza de ponerse a dos pasos del ansiado tricampeonato.<\/p>\n<p>Y es que el cantante mexicano Uriel Barrag\u00e1n cre\u00f3 el corrido llamado &#8216;El CA&#8217;, en referencia a la siglas del Club Am\u00e9rica, como tributo a la grandeza del equipo que actualmente presume ser el m\u00e1s reciente bicampe\u00f3n del futbol mexicano y que amenaza con ser el primero en ganar tres t\u00edtulos consecutivos en la historia de los torneos cortos.<\/p>\n<p>El ingenioso corrido inicia mencionando la gran gesti\u00f3n del entrenador brasile\u00f1o Andr\u00e9 Jardine y la transformaci\u00f3n del equipo con jugadores como Luis \u00c1ngel Malag\u00f3n, &#8216;Chicote&#8217; Calder\u00f3n y dem\u00e1s jugadores que han dado la cara por el equipo y hecho orgullosa a la afici\u00f3n azulcrema.<\/p>\n<p>Am\u00e9rica buscar\u00e1 el pase a la final este domingo 8 de diciembre ante Cruz Azul en un partido que se espera sea muy distinto a la Ida, donde terminaron sin goles.<\/p>\n<p>Las \u00c1guilas est\u00e1n obligadas a ganar, ya que un empate a ceros favorece a La M\u00e1quina por haber terminado el torneo regular como l\u00edderes.<\/p>\n<p>A continuaci\u00f3n algunas de las estrofas del corrido que se ha hecho viral: \u00abAndr\u00e9 Jardine descubri\u00f3 un buen equipo de futbol, en conjunto hacen magia con ese bal\u00f3n. \u00abArrollador en el futbol, voy a hablar del bicampe\u00f3n que va volando muy en alto para tricampe\u00f3n. \u00abEn el arco Malag\u00f3n, como Batman lo veo yo, es un h\u00e9roe que en cada enfrentamiento hace un atajad\u00f3n. \u00abEl \u2018Chicote\u2019 Calder\u00f3n desde ni\u00f1o lo so\u00f1\u00f3&#8230;\u00bb<\/p>\n","protected":false},"excerpt":{"rendered":"<p>\ud83d\udd38 El cantante Uriel Barrag\u00e1n dedic\u00f3 una nueva composici\u00f3n al equipo de Jardine para ganar el Tricampeonato. #DEPORTES | Las \u00c1guilas del Am\u00e9rica contar\u00e1n con motivaci\u00f3n extra para la Semifinal de Vuelta ante Cruz Azul a disputarse este fin de semana con la esperanza de ponerse a dos pasos del ansiado tricampeonato. Y es que [&hellip;]<\/p>\n","protected":false},"author":1,"featured_media":37439,"comment_status":"open","ping_status":"closed","sticky":false,"template":"","format":"standard","meta":{"footnotes":""},"categories":[6],"tags":[],"class_list":["post-37437","post","type-post","status-publish","format-standard","has-post-thumbnail","hentry","category-deportes"],"_links":{"self":[{"href":"https:\/\/solidaridadnews.com\/index.php?rest_route=\/wp\/v2\/posts\/37437","targetHints":{"allow":["GET"]}}],"collection":[{"href":"https:\/\/solidaridadnews.com\/index.php?rest_route=\/wp\/v2\/posts"}],"about":[{"href":"https:\/\/solidaridadnews.com\/index.php?rest_route=\/wp\/v2\/types\/post"}],"author":[{"embeddable":true,"href":"https:\/\/solidaridadnews.com\/index.php?rest_route=\/wp\/v2\/users\/1"}],"replies":[{"embeddable":true,"href":"https:\/\/solidaridadnews.com\/index.php?rest_route=%2Fwp%2Fv2%2Fcomments&post=37437"}],"version-history":[{"count":1,"href":"https:\/\/solidaridadnews.com\/index.php?rest_route=\/wp\/v2\/posts\/37437\/revisions"}],"predecessor-version":[{"id":37438,"href":"https:\/\/solidaridadnews.com\/index.php?rest_route=\/wp\/v2\/posts\/37437\/revisions\/37438"}],"wp:featuredmedia":[{"embeddable":true,"href":"https:\/\/solidaridadnews.com\/index.php?rest_route=\/wp\/v2\/media\/37439"}],"wp:attachment":[{"href":"https:\/\/solidaridadnews.com\/index.php?rest_route=%2Fwp%2Fv2%2Fmedia&parent=37437"}],"wp:term":[{"taxonomy":"category","embeddable":true,"href":"https:\/\/solidaridadnews.com\/index.php?rest_route=%2Fwp%2Fv2%2Fcategories&post=37437"},{"taxonomy":"post_tag","embeddable":true,"href":"https:\/\/solidaridadnews.com\/index.php?rest_route=%2Fwp%2Fv2%2Ftags&post=37437"}],"curies":[{"name":"wp","href":"https:\/\/api.w.org\/{rel}","templated":true}]}}