{"id":37394,"date":"2024-12-04T10:50:03","date_gmt":"2024-12-04T15:50:03","guid":{"rendered":"https:\/\/solidaridadnews.com\/?p=37394"},"modified":"2024-12-04T15:50:05","modified_gmt":"2024-12-04T15:50:05","slug":"detienen-a-sujeto-por-instalar-una-camara-oculta-en-el-bano-de-mujeres-en-hermosillo","status":"publish","type":"post","link":"https:\/\/solidaridadnews.com\/?p=37394","title":{"rendered":"Detienen a sujeto por instalar una c\u00e1mara oculta en el ba\u00f1o de mujeres en Hermosillo"},"content":{"rendered":"<p>\ud83d\udd38 El hombre de 37 a\u00f1os de edad enfrenta cargos por violaci\u00f3n a la intimidad<\/p>\n<p>#SONORA || En Sonora, un hombre fue detenido por autoridades del estado luego de ser acusado de instalar una c\u00e1mara oculta en un ba\u00f1o de mujeres, en la ciudad de Hermosillo.<\/p>\n<p>La Fiscal\u00eda General de Justicia del Estado de Sonora (FGJES), inform\u00f3 que la denuncia contra este sujeto fue presentada por una compa\u00f1era de su trabajo.<\/p>\n<p>A trav\u00e9s de un comunicado, se inform\u00f3 que Mario Francisco \u201cN\u201d, de 37 a\u00f1os, fue detenido en la ciudad de Hermosillo por agentes de la Agencia Ministerial de Investigaci\u00f3n Criminal (AMIC).<\/p>\n<p>Los oficiales lo aprehendieron por su probable responsabilidad en el delito de violaci\u00f3n a la intimidad sexual agravada en perjuicio de una mujer de 30 a\u00f1os.<\/p>\n<p>Esto debido a que el pasado 15 de agosto, en las oficinas centrales de una cadena comercial, donde ambos laboraban, ella descubri\u00f3 que el sujeto instal\u00f3 una c\u00e1mara oculta instalada en el ba\u00f1o de mujeres.<\/p>\n<p>Asimismo, la v\u00edctima se\u00f1al\u00f3 que el imputado presentaba conductas inusuales, adem\u00e1s de que frecuentaba este ba\u00f1o sin justificaci\u00f3n.<\/p>\n<p>Tras la denuncia e integraci\u00f3n de la carpeta de investigaci\u00f3n con perspectiva de g\u00e9nero, se emiti\u00f3 una orden de aprehensi\u00f3n en contra de Mario Francisco \u201cN\u201d el pasado 22 de noviembre.<\/p>\n<p>Posteriormente, el lunes 2 de diciembre, el acusado fue detenido en las inmediaciones de la colonia Olivares, en la ciudad de Hermosillo, Sonora.<\/p>\n<p>Luego de su captura, Mario Francisco \u201cN\u201d fue trasladado al Centro de Reinserci\u00f3n Social (Cereso), donde qued\u00f3 a disposici\u00f3n del juez, quien habr\u00e1 de resolver su situaci\u00f3n jur\u00eddica en las audiencias correspondientes.<\/p>\n<p>&nbsp;<\/p>\n","protected":false},"excerpt":{"rendered":"<p>\ud83d\udd38 El hombre de 37 a\u00f1os de edad enfrenta cargos por violaci\u00f3n a la intimidad #SONORA || En Sonora, un hombre fue detenido por autoridades del estado luego de ser acusado de instalar una c\u00e1mara oculta en un ba\u00f1o de mujeres, en la ciudad de Hermosillo. La Fiscal\u00eda General de Justicia del Estado de Sonora [&hellip;]<\/p>\n","protected":false},"author":1,"featured_media":37396,"comment_status":"open","ping_status":"closed","sticky":false,"template":"","format":"standard","meta":{"footnotes":""},"categories":[22],"tags":[],"class_list":["post-37394","post","type-post","status-publish","format-standard","has-post-thumbnail","hentry","category-sonora"],"_links":{"self":[{"href":"https:\/\/solidaridadnews.com\/index.php?rest_route=\/wp\/v2\/posts\/37394","targetHints":{"allow":["GET"]}}],"collection":[{"href":"https:\/\/solidaridadnews.com\/index.php?rest_route=\/wp\/v2\/posts"}],"about":[{"href":"https:\/\/solidaridadnews.com\/index.php?rest_route=\/wp\/v2\/types\/post"}],"author":[{"embeddable":true,"href":"https:\/\/solidaridadnews.com\/index.php?rest_route=\/wp\/v2\/users\/1"}],"replies":[{"embeddable":true,"href":"https:\/\/solidaridadnews.com\/index.php?rest_route=%2Fwp%2Fv2%2Fcomments&post=37394"}],"version-history":[{"count":1,"href":"https:\/\/solidaridadnews.com\/index.php?rest_route=\/wp\/v2\/posts\/37394\/revisions"}],"predecessor-version":[{"id":37395,"href":"https:\/\/solidaridadnews.com\/index.php?rest_route=\/wp\/v2\/posts\/37394\/revisions\/37395"}],"wp:featuredmedia":[{"embeddable":true,"href":"https:\/\/solidaridadnews.com\/index.php?rest_route=\/wp\/v2\/media\/37396"}],"wp:attachment":[{"href":"https:\/\/solidaridadnews.com\/index.php?rest_route=%2Fwp%2Fv2%2Fmedia&parent=37394"}],"wp:term":[{"taxonomy":"category","embeddable":true,"href":"https:\/\/solidaridadnews.com\/index.php?rest_route=%2Fwp%2Fv2%2Fcategories&post=37394"},{"taxonomy":"post_tag","embeddable":true,"href":"https:\/\/solidaridadnews.com\/index.php?rest_route=%2Fwp%2Fv2%2Ftags&post=37394"}],"curies":[{"name":"wp","href":"https:\/\/api.w.org\/{rel}","templated":true}]}}