{"id":37287,"date":"2024-11-28T12:36:51","date_gmt":"2024-11-28T17:36:51","guid":{"rendered":"https:\/\/solidaridadnews.com\/?p=37287"},"modified":"2024-11-28T17:36:53","modified_gmt":"2024-11-28T17:36:53","slug":"claudia-agaton-felicita-a-la-coparmex-ensenada-por-sus-60-anos","status":"publish","type":"post","link":"https:\/\/solidaridadnews.com\/?p=37287","title":{"rendered":"Claudia Agat\u00f3n felicita a la Coparmex Ensenada por sus 60 a\u00f1os"},"content":{"rendered":"<p>\ud83d\udd38 La Presidenta municipal atestigua la develaci\u00f3n de una placa conmemorativa y la entrega de reconocimientos a las y los pioneros, la Confederaci\u00f3n Patronal de la Rep\u00fablica Mexicana.<\/p>\n<p>#ENSENADA | La presidenta municipal de Ensenada, Claudia Agat\u00f3n Mu\u00f1iz, reconoci\u00f3 la contribuci\u00f3n de la Coparmex Ensenada y reafirm\u00f3 el compromiso de su administraci\u00f3n para colaborar con el sector empresarial.<\/p>\n<p>La alcaldesa manifest\u00f3 que este d\u00eda se rinde un homenaje al esfuerzo, la dedicaci\u00f3n y la visi\u00f3n de aquellos hombres y mujeres que hace seis d\u00e9cadas fundaron esta organizaci\u00f3n, sentando las bases de lo que hoy es un pilar fundamental para el desarrollo econ\u00f3mico, social y empresarial de nuestro municipio.<\/p>\n<p>El festejo tuvo como sede el Hotel Coral &amp; Marina, donde acudieron funcionarios, invitados especiales y empresarios y empresarias con trayectoria en la localidad.<\/p>\n<p>Alberto Mu\u00f1oz Avilez, presidente de Coparmex Ensenada, manifest\u00f3 que desde hace 60 a\u00f1os esta agrupaci\u00f3n ha contribuido a la consolidaci\u00f3n de grandes logros a nivel nacional, promoviendo la participaci\u00f3n ciudadana y el fortalecimiento de las instituciones.<\/p>\n<p>Mencion\u00f3 que en la actualidad hay 71 centros empresariales consolidados y 29 comisiones nacionales, as\u00ed como 487 comisiones regionales, que se encargan de estudiar el entorno, generar propuestas s\u00f3lidas sobre temas fundamentales como econom\u00eda, y la sociedad mexicana.<\/p>\n<p>El l\u00edder empresarial, afirm\u00f3 que Coparmex constituye el final de las luchas de las clases y el comienzo de la colaboraci\u00f3n entre ellas, adem\u00e1s de ser el sue\u00f1o de generar m\u00e1s y mejores empresas para M\u00e9xico.<\/p>\n<p>Ratific\u00f3 en nombre del organismo el buscar mejores condiciones en el entorno laboral y econ\u00f3mico que hagan posible que el municipio de Ensenada pueda ser una ciudad pr\u00f3spera, con crecimiento econ\u00f3mico, tur\u00edstico y de seguridad.<\/p>\n<p>\u201cEs un recordatorio de los valores que han guiado a Coparmex desde su fundaci\u00f3n: la libertad de empresa, la responsabilidad social y el trabajo en equipo como motor del progreso. La historia de Coparmex Ensenada es la historia de nuestra comunidad.<\/p>\n<p>A trav\u00e9s de los a\u00f1os, esta organizaci\u00f3n ha enfrentado retos complejos y ha demostrado una notable capacidad para adaptarse, innovar y liderar\u201d, afirm\u00f3 Claudia Agat\u00f3n.<\/p>\n","protected":false},"excerpt":{"rendered":"<p>\ud83d\udd38 La Presidenta municipal atestigua la develaci\u00f3n de una placa conmemorativa y la entrega de reconocimientos a las y los pioneros, la Confederaci\u00f3n Patronal de la Rep\u00fablica Mexicana. #ENSENADA | La presidenta municipal de Ensenada, Claudia Agat\u00f3n Mu\u00f1iz, reconoci\u00f3 la contribuci\u00f3n de la Coparmex Ensenada y reafirm\u00f3 el compromiso de su administraci\u00f3n para colaborar con [&hellip;]<\/p>\n","protected":false},"author":1,"featured_media":37289,"comment_status":"open","ping_status":"closed","sticky":false,"template":"","format":"standard","meta":{"footnotes":""},"categories":[20],"tags":[],"class_list":["post-37287","post","type-post","status-publish","format-standard","has-post-thumbnail","hentry","category-baja-california"],"_links":{"self":[{"href":"https:\/\/solidaridadnews.com\/index.php?rest_route=\/wp\/v2\/posts\/37287","targetHints":{"allow":["GET"]}}],"collection":[{"href":"https:\/\/solidaridadnews.com\/index.php?rest_route=\/wp\/v2\/posts"}],"about":[{"href":"https:\/\/solidaridadnews.com\/index.php?rest_route=\/wp\/v2\/types\/post"}],"author":[{"embeddable":true,"href":"https:\/\/solidaridadnews.com\/index.php?rest_route=\/wp\/v2\/users\/1"}],"replies":[{"embeddable":true,"href":"https:\/\/solidaridadnews.com\/index.php?rest_route=%2Fwp%2Fv2%2Fcomments&post=37287"}],"version-history":[{"count":1,"href":"https:\/\/solidaridadnews.com\/index.php?rest_route=\/wp\/v2\/posts\/37287\/revisions"}],"predecessor-version":[{"id":37288,"href":"https:\/\/solidaridadnews.com\/index.php?rest_route=\/wp\/v2\/posts\/37287\/revisions\/37288"}],"wp:featuredmedia":[{"embeddable":true,"href":"https:\/\/solidaridadnews.com\/index.php?rest_route=\/wp\/v2\/media\/37289"}],"wp:attachment":[{"href":"https:\/\/solidaridadnews.com\/index.php?rest_route=%2Fwp%2Fv2%2Fmedia&parent=37287"}],"wp:term":[{"taxonomy":"category","embeddable":true,"href":"https:\/\/solidaridadnews.com\/index.php?rest_route=%2Fwp%2Fv2%2Fcategories&post=37287"},{"taxonomy":"post_tag","embeddable":true,"href":"https:\/\/solidaridadnews.com\/index.php?rest_route=%2Fwp%2Fv2%2Ftags&post=37287"}],"curies":[{"name":"wp","href":"https:\/\/api.w.org\/{rel}","templated":true}]}}