{"id":37269,"date":"2024-11-27T10:23:20","date_gmt":"2024-11-27T15:23:20","guid":{"rendered":"https:\/\/solidaridadnews.com\/?p=37269"},"modified":"2024-11-27T15:23:22","modified_gmt":"2024-11-27T15:23:22","slug":"ricardo-monreal-expresa-respaldo-a-claudia-sheinbaum-frente-a-amenazas-o-injerencias","status":"publish","type":"post","link":"https:\/\/solidaridadnews.com\/?p=37269","title":{"rendered":"Ricardo Monreal expresa respaldo a Claudia Sheinbaum frente a amenazas o injerencias"},"content":{"rendered":"<p>\ud83d\udd38 Monreal destac\u00f3 la firmeza con la que Sheinbaum ha dirigido al pa\u00eds, subrayando que el grupo parlamentario de Morena se siente \u201cmuy orgulloso de su liderazgo como jefa de Estado y jefa de Gobierno\u201d<\/p>\n<p>#CDMX | El diputado Ricardo Monreal \u00c1vila, presidente de la Junta de Coordinaci\u00f3n Pol\u00edtica (Jucopo) y coordinador del grupo parlamentario de Morena, reafirm\u00f3 este martes el respaldo de la mayor\u00eda de la C\u00e1mara de Diputados a la presidenta de la Rep\u00fablica, Claudia Sheinbaum Pardo, en defensa de su liderazgo y frente a cualquier amenaza o injerencia externa.<\/p>\n<p>Durante un videomensaje dirigido a la naci\u00f3n, Monreal destac\u00f3 la firmeza con la que Sheinbaum ha dirigido al pa\u00eds, subrayando que el grupo parlamentario de Morena se siente \u201cmuy orgulloso de su liderazgo como jefa de Estado y jefa de Gobierno\u201d. Asegur\u00f3 que este apoyo es el resultado de un acuerdo dentro de su bancada, y reiter\u00f3 que, en la lucha contra cualquier acto de intromisi\u00f3n o presi\u00f3n externa, la presidenta contar\u00e1 siempre con el respaldo de los legisladores morenistas.<\/p>\n<p>\u00abQuiero aprovechar el momento para expresarle a la presidenta, a nombre del grupo parlamentario de la mayor\u00eda de esta C\u00e1mara, todo nuestro respaldo a su actitud, a su decisi\u00f3n, a su firmeza con la que est\u00e1 conduciendo al pa\u00eds\u00bb, afirm\u00f3 Monreal, quien tambi\u00e9n destac\u00f3 el apoyo un\u00e1nime de los diputados de Morena hacia Sheinbaum.<\/p>\n<p>En otro tema, Monreal inform\u00f3 que este martes el Pleno de la C\u00e1mara de Diputados llevar\u00e1 a cabo la discusi\u00f3n de dos temas cruciales para el ejercicio fiscal del pr\u00f3ximo a\u00f1o: el dictamen de la Ley de Ingresos de la Federaci\u00f3n para 2025 y la Miscel\u00e1nea Fiscal.<\/p>\n<p>El l\u00edder legislativo subray\u00f3 la importancia de estos instrumentos jur\u00eddicos, al se\u00f1alar que son fundamentales para el c\u00e1lculo y asignaci\u00f3n del gasto p\u00fablico y el presupuesto del pa\u00eds. \u201cHoy analizaremos, discutiremos y revisaremos dos instrumentos jur\u00eddico-financieros del gobierno de la Rep\u00fablica y del Estado mexicano: la Miscel\u00e1nea Fiscal y la Ley de Ingresos, que son esenciales para poder determinar el gasto y el Presupuesto de Egresos de la Federaci\u00f3n\u201d, explic\u00f3.<\/p>\n<p>Monreal record\u00f3 que tanto la Ley de Ingresos como la Miscel\u00e1nea Fiscal, junto con el Presupuesto de Egresos de la Federaci\u00f3n, conforman el sistema vertebral del Estado mexicano, claves para la estabilidad financiera del pa\u00eds.<\/p>\n","protected":false},"excerpt":{"rendered":"<p>\ud83d\udd38 Monreal destac\u00f3 la firmeza con la que Sheinbaum ha dirigido al pa\u00eds, subrayando que el grupo parlamentario de Morena se siente \u201cmuy orgulloso de su liderazgo como jefa de Estado y jefa de Gobierno\u201d #CDMX | El diputado Ricardo Monreal \u00c1vila, presidente de la Junta de Coordinaci\u00f3n Pol\u00edtica (Jucopo) y coordinador del grupo parlamentario [&hellip;]<\/p>\n","protected":false},"author":1,"featured_media":37271,"comment_status":"open","ping_status":"closed","sticky":false,"template":"","format":"standard","meta":{"footnotes":""},"categories":[16],"tags":[],"class_list":["post-37269","post","type-post","status-publish","format-standard","has-post-thumbnail","hentry","category-cdmx"],"_links":{"self":[{"href":"https:\/\/solidaridadnews.com\/index.php?rest_route=\/wp\/v2\/posts\/37269","targetHints":{"allow":["GET"]}}],"collection":[{"href":"https:\/\/solidaridadnews.com\/index.php?rest_route=\/wp\/v2\/posts"}],"about":[{"href":"https:\/\/solidaridadnews.com\/index.php?rest_route=\/wp\/v2\/types\/post"}],"author":[{"embeddable":true,"href":"https:\/\/solidaridadnews.com\/index.php?rest_route=\/wp\/v2\/users\/1"}],"replies":[{"embeddable":true,"href":"https:\/\/solidaridadnews.com\/index.php?rest_route=%2Fwp%2Fv2%2Fcomments&post=37269"}],"version-history":[{"count":1,"href":"https:\/\/solidaridadnews.com\/index.php?rest_route=\/wp\/v2\/posts\/37269\/revisions"}],"predecessor-version":[{"id":37270,"href":"https:\/\/solidaridadnews.com\/index.php?rest_route=\/wp\/v2\/posts\/37269\/revisions\/37270"}],"wp:featuredmedia":[{"embeddable":true,"href":"https:\/\/solidaridadnews.com\/index.php?rest_route=\/wp\/v2\/media\/37271"}],"wp:attachment":[{"href":"https:\/\/solidaridadnews.com\/index.php?rest_route=%2Fwp%2Fv2%2Fmedia&parent=37269"}],"wp:term":[{"taxonomy":"category","embeddable":true,"href":"https:\/\/solidaridadnews.com\/index.php?rest_route=%2Fwp%2Fv2%2Fcategories&post=37269"},{"taxonomy":"post_tag","embeddable":true,"href":"https:\/\/solidaridadnews.com\/index.php?rest_route=%2Fwp%2Fv2%2Ftags&post=37269"}],"curies":[{"name":"wp","href":"https:\/\/api.w.org\/{rel}","templated":true}]}}