{"id":37141,"date":"2024-11-21T10:52:49","date_gmt":"2024-11-21T15:52:49","guid":{"rendered":"https:\/\/solidaridadnews.com\/?p=37141"},"modified":"2024-11-21T15:52:51","modified_gmt":"2024-11-21T15:52:51","slug":"gerardo-vargas-landeros-encabeza-el-desfile-por-el-114-aniversario-de-la-revolucion-mexicana-en-ahome","status":"publish","type":"post","link":"https:\/\/solidaridadnews.com\/?p=37141","title":{"rendered":"Gerardo Vargas Landeros encabeza el desfile por el 114 Aniversario de la Revoluci\u00f3n Mexicana en Ahome"},"content":{"rendered":"<p>\ud83d\udd38 Con la participaci\u00f3n de m\u00e1s de 4 mil personas, el evento c\u00edvico y deportivo se convirti\u00f3 en un gran homenaje a la historia de M\u00e9xico.<\/p>\n<p>#SINALOA | El presidente municipal de Ahome, Gerardo Octavio Vargas Landeros, encabez\u00f3 el tradicional desfile con motivo del 114 Aniversario de la Revoluci\u00f3n Mexicana, que reuni\u00f3 a m\u00e1s de 4 mil 270 personas provenientes de diversas instituciones educativas y organismos sociales. El evento, que se llev\u00f3 a cabo el 20 de noviembre de 2024, se destac\u00f3 por su participaci\u00f3n de 54 contingentes, entre los que se encontraban alumnos de secundarias, preparatorias, universidades, academias y organismos de servicio.<\/p>\n<p>El desfile dio inicio en el cruce de los bulevares Rosendo G. Castro e Ignacio Allende, y recorri\u00f3 las principales calles de la ciudad, culminando en la Plazuela 27 de Septiembre, un punto emblem\u00e1tico de la localidad. A lo largo del recorrido, cientos de familias se dieron cita en las banquetas, disfrutando del evento, que tambi\u00e9n fue transmitido en vivo a trav\u00e9s de la cuenta oficial de Facebook del Ayuntamiento de Ahome.<\/p>\n<p>El evento comenz\u00f3 con un emotivo Izamiento de Bandera en la Explanada de Palacio Municipal, donde la maestra Bellita Irazema Ibarra de Le\u00f3n, Directora de Educaci\u00f3n, pronunci\u00f3 un mensaje sobre la relevancia hist\u00f3rica de la Revoluci\u00f3n Mexicana. En su discurso, destac\u00f3 los logros de la Revoluci\u00f3n, desde la concientizaci\u00f3n sobre los derechos sociales hasta los avances econ\u00f3micos, culturales y pol\u00edticos que perduran en la actualidad.<\/p>\n<p>\u201cHoy conmemoramos una fecha trascendental para todos nosotros. Los beneficios de la Revoluci\u00f3n Mexicana se sienten a\u00fan en la sociedad actual y contin\u00faan marcando nuestro rumbo\u201d, expres\u00f3 la maestra Ibarra.<\/p>\n<p>Gerardo Vargas Landeros, acompa\u00f1ado de funcionarios, regidores y empleados municipales, encabez\u00f3 el desfile, que cont\u00f3 con la participaci\u00f3n de diversos sectores. Entre los participantes se encontraban estudiantes de instituciones como el IMDA, el Instituto Pedag\u00f3gico Topolobampo, el CETIS 68, el CONALEP, la UAdeO, y la UNIVAFU, as\u00ed como academias y organismos como el Club Omega, el Heroico Cuerpo de Bomberos de Los Mochis, y la Cruz Roja Mexicana.<\/p>\n<p>Como parte del evento, tambi\u00e9n participaron contingentes de la Comisi\u00f3n de Comunidades y Asuntos Ind\u00edgenas y el Comit\u00e9 Organizador H\u00e9ctor D\u00edaz Valdez del Evento Se\u00f1orita Sinaloa, mostrando la diversidad y riqueza cultural de la regi\u00f3n.<\/p>\n<p>Al finalizar el desfile, el presidente municipal se uni\u00f3 a los Cab\u00e1lgatelos, como es tradici\u00f3n, para recorrer el \u00faltimo tramo del evento, que concluy\u00f3 en el Ejido 20 de Noviembre, donde se realiz\u00f3 un homenaje a los valores revolucionarios.<\/p>\n<p>Los resultados de los ganadores en las distintas categor\u00edas del desfile ser\u00e1n publicados en la p\u00e1gina oficial del municipio www.ahome.gob.mx\/ww, y los premios se entregar\u00e1n en un evento p\u00fablico en los pr\u00f3ximos d\u00edas.<\/p>\n","protected":false},"excerpt":{"rendered":"<p>\ud83d\udd38 Con la participaci\u00f3n de m\u00e1s de 4 mil personas, el evento c\u00edvico y deportivo se convirti\u00f3 en un gran homenaje a la historia de M\u00e9xico. #SINALOA | El presidente municipal de Ahome, Gerardo Octavio Vargas Landeros, encabez\u00f3 el tradicional desfile con motivo del 114 Aniversario de la Revoluci\u00f3n Mexicana, que reuni\u00f3 a m\u00e1s de [&hellip;]<\/p>\n","protected":false},"author":1,"featured_media":37143,"comment_status":"open","ping_status":"closed","sticky":false,"template":"","format":"standard","meta":{"footnotes":""},"categories":[38],"tags":[],"class_list":["post-37141","post","type-post","status-publish","format-standard","has-post-thumbnail","hentry","category-sinaloa"],"_links":{"self":[{"href":"https:\/\/solidaridadnews.com\/index.php?rest_route=\/wp\/v2\/posts\/37141","targetHints":{"allow":["GET"]}}],"collection":[{"href":"https:\/\/solidaridadnews.com\/index.php?rest_route=\/wp\/v2\/posts"}],"about":[{"href":"https:\/\/solidaridadnews.com\/index.php?rest_route=\/wp\/v2\/types\/post"}],"author":[{"embeddable":true,"href":"https:\/\/solidaridadnews.com\/index.php?rest_route=\/wp\/v2\/users\/1"}],"replies":[{"embeddable":true,"href":"https:\/\/solidaridadnews.com\/index.php?rest_route=%2Fwp%2Fv2%2Fcomments&post=37141"}],"version-history":[{"count":1,"href":"https:\/\/solidaridadnews.com\/index.php?rest_route=\/wp\/v2\/posts\/37141\/revisions"}],"predecessor-version":[{"id":37142,"href":"https:\/\/solidaridadnews.com\/index.php?rest_route=\/wp\/v2\/posts\/37141\/revisions\/37142"}],"wp:featuredmedia":[{"embeddable":true,"href":"https:\/\/solidaridadnews.com\/index.php?rest_route=\/wp\/v2\/media\/37143"}],"wp:attachment":[{"href":"https:\/\/solidaridadnews.com\/index.php?rest_route=%2Fwp%2Fv2%2Fmedia&parent=37141"}],"wp:term":[{"taxonomy":"category","embeddable":true,"href":"https:\/\/solidaridadnews.com\/index.php?rest_route=%2Fwp%2Fv2%2Fcategories&post=37141"},{"taxonomy":"post_tag","embeddable":true,"href":"https:\/\/solidaridadnews.com\/index.php?rest_route=%2Fwp%2Fv2%2Ftags&post=37141"}],"curies":[{"name":"wp","href":"https:\/\/api.w.org\/{rel}","templated":true}]}}