{"id":37127,"date":"2024-11-20T12:11:41","date_gmt":"2024-11-20T17:11:41","guid":{"rendered":"https:\/\/solidaridadnews.com\/?p=37127"},"modified":"2024-11-20T17:11:43","modified_gmt":"2024-11-20T17:11:43","slug":"laura-imelda-perez-segura-conmemora-el-114-aniversario-de-la-revolucion-mexicana-en-tlaquepaque","status":"publish","type":"post","link":"https:\/\/solidaridadnews.com\/?p=37127","title":{"rendered":"Laura Imelda P\u00e9rez Segura conmemora el 114 aniversario de la Revoluci\u00f3n Mexicana en Tlaquepaque"},"content":{"rendered":"<p>\ud83d\udd38 La presidenta municipal de Tlaquepaque encabez\u00f3 la ceremonia protocolaria, recordando el origen de la historia del pa\u00eds y el legado de lucha por justicia y libertad<\/p>\n<p>#JALISCO | En un emotivo acto, Laura Imelda P\u00e9rez Segura, presidenta municipal de Tlaquepaque, Jalisco, encabez\u00f3 la conmemoraci\u00f3n del 114 aniversario de la Revoluci\u00f3n Mexicana, un evento que rindi\u00f3 homenaje a los ideales de justicia y libertad que marcaron este crucial cap\u00edtulo de la historia del pa\u00eds.<\/p>\n<p>Acompa\u00f1ada por miembros de la Guardia Nacional y con la participaci\u00f3n especial de las voces de los ni\u00f1os y ni\u00f1as de las escuelas locales, la ceremonia evoc\u00f3 el esp\u00edritu de la Revoluci\u00f3n y record\u00f3 a los presentes la importancia de mantener viva la memoria hist\u00f3rica.<\/p>\n<p>\u201cHoy, revivimos las efem\u00e9rides que nos conectan con el origen de nuestra historia como naci\u00f3n\u201d, expres\u00f3 P\u00e9rez Segura, quien destac\u00f3 el valor y la lucha de quienes participaron en ese movimiento social. \u201cConmemoramos con orgullo este aniversario, un cap\u00edtulo que marc\u00f3 nuestra lucha por justicia, libertad y los derechos de los pueblos\u201d, agreg\u00f3 la presidenta municipal.<\/p>\n<p>El evento, que se llev\u00f3 a cabo en un ambiente de reflexi\u00f3n y unidad, cerr\u00f3 con el grito de \u201c\u00a1Que viva M\u00e9xico y que viva nuestra identidad revolucionaria!\u201d, un llamado a fortalecer los valores patrios y a continuar construyendo un pa\u00eds m\u00e1s justo para todos.<\/p>\n","protected":false},"excerpt":{"rendered":"<p>\ud83d\udd38 La presidenta municipal de Tlaquepaque encabez\u00f3 la ceremonia protocolaria, recordando el origen de la historia del pa\u00eds y el legado de lucha por justicia y libertad #JALISCO | En un emotivo acto, Laura Imelda P\u00e9rez Segura, presidenta municipal de Tlaquepaque, Jalisco, encabez\u00f3 la conmemoraci\u00f3n del 114 aniversario de la Revoluci\u00f3n Mexicana, un evento que [&hellip;]<\/p>\n","protected":false},"author":1,"featured_media":37129,"comment_status":"open","ping_status":"closed","sticky":false,"template":"","format":"standard","meta":{"footnotes":""},"categories":[23],"tags":[],"class_list":["post-37127","post","type-post","status-publish","format-standard","has-post-thumbnail","hentry","category-jalisco"],"_links":{"self":[{"href":"https:\/\/solidaridadnews.com\/index.php?rest_route=\/wp\/v2\/posts\/37127","targetHints":{"allow":["GET"]}}],"collection":[{"href":"https:\/\/solidaridadnews.com\/index.php?rest_route=\/wp\/v2\/posts"}],"about":[{"href":"https:\/\/solidaridadnews.com\/index.php?rest_route=\/wp\/v2\/types\/post"}],"author":[{"embeddable":true,"href":"https:\/\/solidaridadnews.com\/index.php?rest_route=\/wp\/v2\/users\/1"}],"replies":[{"embeddable":true,"href":"https:\/\/solidaridadnews.com\/index.php?rest_route=%2Fwp%2Fv2%2Fcomments&post=37127"}],"version-history":[{"count":1,"href":"https:\/\/solidaridadnews.com\/index.php?rest_route=\/wp\/v2\/posts\/37127\/revisions"}],"predecessor-version":[{"id":37128,"href":"https:\/\/solidaridadnews.com\/index.php?rest_route=\/wp\/v2\/posts\/37127\/revisions\/37128"}],"wp:featuredmedia":[{"embeddable":true,"href":"https:\/\/solidaridadnews.com\/index.php?rest_route=\/wp\/v2\/media\/37129"}],"wp:attachment":[{"href":"https:\/\/solidaridadnews.com\/index.php?rest_route=%2Fwp%2Fv2%2Fmedia&parent=37127"}],"wp:term":[{"taxonomy":"category","embeddable":true,"href":"https:\/\/solidaridadnews.com\/index.php?rest_route=%2Fwp%2Fv2%2Fcategories&post=37127"},{"taxonomy":"post_tag","embeddable":true,"href":"https:\/\/solidaridadnews.com\/index.php?rest_route=%2Fwp%2Fv2%2Ftags&post=37127"}],"curies":[{"name":"wp","href":"https:\/\/api.w.org\/{rel}","templated":true}]}}