{"id":36838,"date":"2024-11-06T12:01:26","date_gmt":"2024-11-06T17:01:26","guid":{"rendered":"https:\/\/solidaridadnews.com\/?p=36838"},"modified":"2024-11-06T17:01:28","modified_gmt":"2024-11-06T17:01:28","slug":"rodrigo-prieto-se-abre-a-la-critica-por-estreno-de-pedro-paramo","status":"publish","type":"post","link":"https:\/\/solidaridadnews.com\/?p=36838","title":{"rendered":"Rodrigo Prieto se abre a la cr\u00edtica por estreno de \u201cPedro P\u00e1ramo\u201d"},"content":{"rendered":"<p>\ud83d\udd38 El reconocido cineasta mexicano y director de fotograf\u00eda de aclamadas producciones, debuta como director<\/p>\n<p>Rodrigo Prieto, uno de los cineastas mexicanos m\u00e1s reconocidos a nivel internacional, asumi\u00f3 el reto de adaptar al cine la c\u00e9lebre novela Pedro P\u00e1ramo de Juan Rulfo. Un proyecto que representa una expansi\u00f3n creativa y un momento de vulnerabilidad profesional para el artista.<\/p>\n<p>La pel\u00edcula Pedro P\u00e1ramo, protagonizada por Tenoch Huerta, Manuel Garc\u00eda-Rulfo e Ilse Salas, y dirigida por Rodrigo Prieto, lleg\u00f3 a la plataforma de Netflix.<\/p>\n<p>En esta entrevista, el mexicano reflexion\u00f3 sobre los desaf\u00edos, sus temores ante la inevitable cr\u00edtica y su proceso personal para desvincularse de los juicios que recibir\u00e1 su obra.<\/p>\n<p>Para Prieto, debutar como director en una obra tan ic\u00f3nica como Pedro P\u00e1ramo significa entrar en un terreno completamente distinto al de la fotograf\u00eda, y con ello, exponerse a un escrutinio mayor.<\/p>\n<p>Aunque su trabajo en fotograf\u00eda ha sido universalmente elogiado, Prieto sabe que, como director, la cr\u00edtica ser\u00e1 inevitable.<\/p>\n<p>\u201cS\u00e9 que habr\u00e1 cr\u00edticas porque es imposible que le guste a todo el mundo. Pero en este proceso estoy aprendiendo a separar la pel\u00edcula de m\u00ed mismo. El hecho de que yo haya dirigido Pedro P\u00e1ramo no significa que ese soy yo; la cr\u00edtica va hacia la obra, no hacia mi persona\u201c, dijo Prieto.<\/p>\n<p>La elecci\u00f3n de Pedro P\u00e1ramo como su primer largometraje no fue casual. Esta novela, considerada una de las obras maestras de la literatura mexicana, representa para Prieto un universo en el cual pudo explorar sus propias emociones y reflexiones personales.<\/p>\n<p>En su adaptaci\u00f3n, dice haber transmitido aspectos muy \u00edntimos a trav\u00e9s de los personajes de Rulfo: \u201cExpres\u00e9 cosas que tengo dentro de m\u00ed, cosas que quiero explorar o que me inquietan. Dirigir me coloca en una posici\u00f3n m\u00e1s expuesta, especialmente con una obra tan emblem\u00e1tica como esta\u201d.<\/p>\n<p>Con una carrera que abarca d\u00e9cadas y colaboraciones con directores de renombre como Martin Scorsese (El irland\u00e9s, El lobo de Wall Street) y Alejandro Gonz\u00e1lez I\u00f1\u00e1rritu (Amores Perros, Babel), su trabajo le ha valido m\u00faltiples nominaciones al \u00d3scar y lo ha consolidado como uno de los artistas visuales m\u00e1s influyentes.<\/p>\n<p>&nbsp;<\/p>\n","protected":false},"excerpt":{"rendered":"<p>\ud83d\udd38 El reconocido cineasta mexicano y director de fotograf\u00eda de aclamadas producciones, debuta como director Rodrigo Prieto, uno de los cineastas mexicanos m\u00e1s reconocidos a nivel internacional, asumi\u00f3 el reto de adaptar al cine la c\u00e9lebre novela Pedro P\u00e1ramo de Juan Rulfo. Un proyecto que representa una expansi\u00f3n creativa y un momento de vulnerabilidad profesional [&hellip;]<\/p>\n","protected":false},"author":1,"featured_media":36840,"comment_status":"open","ping_status":"closed","sticky":false,"template":"","format":"standard","meta":{"footnotes":""},"categories":[3],"tags":[],"class_list":["post-36838","post","type-post","status-publish","format-standard","has-post-thumbnail","hentry","category-espectaculos"],"_links":{"self":[{"href":"https:\/\/solidaridadnews.com\/index.php?rest_route=\/wp\/v2\/posts\/36838","targetHints":{"allow":["GET"]}}],"collection":[{"href":"https:\/\/solidaridadnews.com\/index.php?rest_route=\/wp\/v2\/posts"}],"about":[{"href":"https:\/\/solidaridadnews.com\/index.php?rest_route=\/wp\/v2\/types\/post"}],"author":[{"embeddable":true,"href":"https:\/\/solidaridadnews.com\/index.php?rest_route=\/wp\/v2\/users\/1"}],"replies":[{"embeddable":true,"href":"https:\/\/solidaridadnews.com\/index.php?rest_route=%2Fwp%2Fv2%2Fcomments&post=36838"}],"version-history":[{"count":1,"href":"https:\/\/solidaridadnews.com\/index.php?rest_route=\/wp\/v2\/posts\/36838\/revisions"}],"predecessor-version":[{"id":36839,"href":"https:\/\/solidaridadnews.com\/index.php?rest_route=\/wp\/v2\/posts\/36838\/revisions\/36839"}],"wp:featuredmedia":[{"embeddable":true,"href":"https:\/\/solidaridadnews.com\/index.php?rest_route=\/wp\/v2\/media\/36840"}],"wp:attachment":[{"href":"https:\/\/solidaridadnews.com\/index.php?rest_route=%2Fwp%2Fv2%2Fmedia&parent=36838"}],"wp:term":[{"taxonomy":"category","embeddable":true,"href":"https:\/\/solidaridadnews.com\/index.php?rest_route=%2Fwp%2Fv2%2Fcategories&post=36838"},{"taxonomy":"post_tag","embeddable":true,"href":"https:\/\/solidaridadnews.com\/index.php?rest_route=%2Fwp%2Fv2%2Ftags&post=36838"}],"curies":[{"name":"wp","href":"https:\/\/api.w.org\/{rel}","templated":true}]}}