{"id":36586,"date":"2024-10-23T11:56:30","date_gmt":"2024-10-23T16:56:30","guid":{"rendered":"https:\/\/solidaridadnews.com\/?p=36586"},"modified":"2024-10-23T16:56:31","modified_gmt":"2024-10-23T16:56:31","slug":"irina-baeva-aclara-su-situacion-con-gabriel-soto-tras-ser-vistos-juntos","status":"publish","type":"post","link":"https:\/\/solidaridadnews.com\/?p=36586","title":{"rendered":"Irina Baeva aclara su situaci\u00f3n con Gabriel Soto tras ser vistos juntos"},"content":{"rendered":"<p>\ud83d\udd38 La rusa desmiente rumores de reconciliaci\u00f3n, afirmando que, aunque su relaci\u00f3n termin\u00f3, a\u00fan comparten asuntos pendientes de manera cordial<\/p>\n<p>#ESPECT\u00c1CULOS | Irina Baeva aclar\u00f3 si hay reconciliaci\u00f3n entre ella y Gabriel Soto despu\u00e9s de que fueron vistos juntos en Los \u00c1ngeles. La pareja de actores anunci\u00f3 el fin de su romance en julio pasado.<\/p>\n<p>Sobre la que fue su separaci\u00f3n, Irina destap\u00f3 que Gabriel Soto tom\u00f3 la iniciativa de confirmar que hab\u00edan terminado, publicando un comunicado del que ella no ten\u00eda consentimiento. Declar\u00f3 que la postura de su ex la sorprendi\u00f3 porque a\u00fan segu\u00edan juntos y a meses de este final, ahora levantaron sospechas sobre su posible regreso, debido a que hace d\u00edas fueron vistos juntos.<\/p>\n<p>Irina Baeva, quien no tuvo el \u00e9xito que esperaba con la obra \u201cAventurera\u201d, aclar\u00f3 si regres\u00f3 con Gabriel Soto, con quien incluso ten\u00eda planes de boda.<\/p>\n<p>\u201cLa relaci\u00f3n como pareja termin\u00f3, pero eso no quiere decir que no tengamos, despu\u00e9s de b\u00e1sicamente 7 a\u00f1os de relaci\u00f3n, todav\u00eda pendientes o cosas que tenemos en com\u00fan, que podemos ir cerrando desde la amabilidad, desde la educaci\u00f3n, desde la cordialidad\u201d<\/p>\n<p>Irina Baeva<\/p>\n<p>La estrella rusa respondi\u00f3 sobre su situaci\u00f3n con el int\u00e9rprete a las c\u00e1maras del programa \u201cHoy\u201d. En su proceso de separaci\u00f3n, Baeva tambi\u00e9n revel\u00f3 que s\u00ed se cas\u00f3 con el actor, lo hab\u00edan mantenido en la discreci\u00f3n y lo hicieron en una ceremonia \u00edntima en Acapulco.<\/p>\n<p>Porque hace poco fueron vistos juntos, se desataron las especulaciones de que hab\u00edan regresado. El programa \u201cCon Permiso\u201d, de Pepillo Origel y Martha Figueroa, mostr\u00f3 im\u00e1genes de los actores en una cena en Santa Fe.<\/p>\n<p>Para la actriz, la prioridad en este momento es mantener una armon\u00eda con su ex.<\/p>\n<p>\u201cAl final trabajamos en la misma empresa, nunca sabes el d\u00eda de ma\u00f1ana con quien te pueda tocar trabajar\u201d<\/p>\n<p>Irina Baeva<\/p>\n<p>En cuanto a si ha pasado por su mente regresar con Gabriel, Irina respondi\u00f3 que entre ellos se rompi\u00f3 el v\u00ednculo rom\u00e1ntico.<\/p>\n<p>\u201cPodemos tener temas que pueden estar trabajados o no, pero la relaci\u00f3n como pareja termin\u00f3. No estamos juntos, pero eso no quiere decir que tengamos que odiarnos y guardar rencores. Podemos dar un paso adelante y podemos platicar cosas (\u2026) No necesariamente tiene que haber un pleito constante, yo la verdad es que no me interesa\u201d<\/p>\n<p>Irina Baeva<\/p>\n","protected":false},"excerpt":{"rendered":"<p>\ud83d\udd38 La rusa desmiente rumores de reconciliaci\u00f3n, afirmando que, aunque su relaci\u00f3n termin\u00f3, a\u00fan comparten asuntos pendientes de manera cordial #ESPECT\u00c1CULOS | Irina Baeva aclar\u00f3 si hay reconciliaci\u00f3n entre ella y Gabriel Soto despu\u00e9s de que fueron vistos juntos en Los \u00c1ngeles. La pareja de actores anunci\u00f3 el fin de su romance en julio pasado. [&hellip;]<\/p>\n","protected":false},"author":1,"featured_media":36588,"comment_status":"open","ping_status":"closed","sticky":false,"template":"","format":"standard","meta":{"footnotes":""},"categories":[3],"tags":[],"class_list":["post-36586","post","type-post","status-publish","format-standard","has-post-thumbnail","hentry","category-espectaculos"],"_links":{"self":[{"href":"https:\/\/solidaridadnews.com\/index.php?rest_route=\/wp\/v2\/posts\/36586","targetHints":{"allow":["GET"]}}],"collection":[{"href":"https:\/\/solidaridadnews.com\/index.php?rest_route=\/wp\/v2\/posts"}],"about":[{"href":"https:\/\/solidaridadnews.com\/index.php?rest_route=\/wp\/v2\/types\/post"}],"author":[{"embeddable":true,"href":"https:\/\/solidaridadnews.com\/index.php?rest_route=\/wp\/v2\/users\/1"}],"replies":[{"embeddable":true,"href":"https:\/\/solidaridadnews.com\/index.php?rest_route=%2Fwp%2Fv2%2Fcomments&post=36586"}],"version-history":[{"count":1,"href":"https:\/\/solidaridadnews.com\/index.php?rest_route=\/wp\/v2\/posts\/36586\/revisions"}],"predecessor-version":[{"id":36587,"href":"https:\/\/solidaridadnews.com\/index.php?rest_route=\/wp\/v2\/posts\/36586\/revisions\/36587"}],"wp:featuredmedia":[{"embeddable":true,"href":"https:\/\/solidaridadnews.com\/index.php?rest_route=\/wp\/v2\/media\/36588"}],"wp:attachment":[{"href":"https:\/\/solidaridadnews.com\/index.php?rest_route=%2Fwp%2Fv2%2Fmedia&parent=36586"}],"wp:term":[{"taxonomy":"category","embeddable":true,"href":"https:\/\/solidaridadnews.com\/index.php?rest_route=%2Fwp%2Fv2%2Fcategories&post=36586"},{"taxonomy":"post_tag","embeddable":true,"href":"https:\/\/solidaridadnews.com\/index.php?rest_route=%2Fwp%2Fv2%2Ftags&post=36586"}],"curies":[{"name":"wp","href":"https:\/\/api.w.org\/{rel}","templated":true}]}}