{"id":36568,"date":"2024-10-22T11:35:07","date_gmt":"2024-10-22T16:35:07","guid":{"rendered":"https:\/\/solidaridadnews.com\/?p=36568"},"modified":"2024-10-22T16:35:08","modified_gmt":"2024-10-22T16:35:08","slug":"gobierno-de-claudia-agaton-apoya-iniciativas-a-favor-de-la-infancia-y-la-juventud-en-ensenada","status":"publish","type":"post","link":"https:\/\/solidaridadnews.com\/?p=36568","title":{"rendered":"Gobierno de Claudia Agat\u00f3n apoya iniciativas a favor de la infancia y la juventud en Ensenada"},"content":{"rendered":"<p>\ud83d\udd38 Se firm\u00f3 un convenio entre el SEDIF de Baja California y la organizaci\u00f3n internacional World Vision para proporcionar herramientas efectivas a quienes brindan atenci\u00f3n, cuidados y protecci\u00f3n a ni\u00f1os, adolescentes y j\u00f3venes<\/p>\n<p>#BAJACALIFORNIA | La presidenta municipal Claudia Agat\u00f3n Mu\u00f1iz reafirma el compromiso de su gobierno con la protecci\u00f3n de la ni\u00f1ez y adolescencia en Ensenada, apoyando convenios que promueven los derechos humanos.<\/p>\n<p>Recientemente, se firm\u00f3 un convenio entre el Sistema Estatal para el Desarrollo Integral de la Familia (SEDIF) de Baja California y la organizaci\u00f3n internacional World Vision, en el que particip\u00f3 el Sistema Municipal para el Desarrollo Integral de la Familia (SMDIF) de Ensenada.<\/p>\n<p>La directora del DIF Municipal, Carmen D\u00e1vila Jim\u00e9nez, represent\u00f3 a Agat\u00f3n en la firma de este importante acuerdo. D\u00e1vila destac\u00f3 que uno de los principales objetivos del convenio es proporcionar herramientas efectivas a quienes brindan atenci\u00f3n, cuidados y protecci\u00f3n a ni\u00f1as, ni\u00f1os y adolescentes, asegurando as\u00ed la preservaci\u00f3n de sus derechos humanos.<\/p>\n<p>\u00abEl gobierno de Claudia Agat\u00f3n apoyar\u00e1 todos los convenios que est\u00e9n a favor de los derechos humanos y la protecci\u00f3n de la infancia y juventud en Ensenada,\u00bb afirm\u00f3 D\u00e1vila Jim\u00e9nez. Adem\u00e1s, reafirm\u00f3 la continuidad de proyectos y convenios orientados al bienestar integral de los menores en el municipio.<\/p>\n<p>D\u00e1vila tambi\u00e9n destac\u00f3 la importancia de la colaboraci\u00f3n entre los tres \u00f3rdenes de gobierno en la implementaci\u00f3n de pol\u00edticas p\u00fablicas que buscan el bienestar de los menores de 0 a 17 a\u00f1os en Baja California. \u00abCompartimos la misi\u00f3n y visi\u00f3n que nos une en esta tarea,\u00bb asegur\u00f3.<\/p>\n<p>En el marco de este convenio, se llev\u00f3 a cabo un curso impartido por Melba Adriana Olvera Rodr\u00edguez, subdirectora de Derechos Humanos en Baja California, quien abord\u00f3 temas cruciales como la Declaraci\u00f3n Universal de Derechos Humanos, su contexto socio-hist\u00f3rico, la construcci\u00f3n cultural, el poder y la justicia, as\u00ed como el inter\u00e9s superior de las ni\u00f1as, ni\u00f1os y adolescentes.<\/p>\n","protected":false},"excerpt":{"rendered":"<p>\ud83d\udd38 Se firm\u00f3 un convenio entre el SEDIF de Baja California y la organizaci\u00f3n internacional World Vision para proporcionar herramientas efectivas a quienes brindan atenci\u00f3n, cuidados y protecci\u00f3n a ni\u00f1os, adolescentes y j\u00f3venes #BAJACALIFORNIA | La presidenta municipal Claudia Agat\u00f3n Mu\u00f1iz reafirma el compromiso de su gobierno con la protecci\u00f3n de la ni\u00f1ez y adolescencia [&hellip;]<\/p>\n","protected":false},"author":1,"featured_media":36570,"comment_status":"open","ping_status":"closed","sticky":false,"template":"","format":"standard","meta":{"footnotes":""},"categories":[20],"tags":[],"class_list":["post-36568","post","type-post","status-publish","format-standard","has-post-thumbnail","hentry","category-baja-california"],"_links":{"self":[{"href":"https:\/\/solidaridadnews.com\/index.php?rest_route=\/wp\/v2\/posts\/36568","targetHints":{"allow":["GET"]}}],"collection":[{"href":"https:\/\/solidaridadnews.com\/index.php?rest_route=\/wp\/v2\/posts"}],"about":[{"href":"https:\/\/solidaridadnews.com\/index.php?rest_route=\/wp\/v2\/types\/post"}],"author":[{"embeddable":true,"href":"https:\/\/solidaridadnews.com\/index.php?rest_route=\/wp\/v2\/users\/1"}],"replies":[{"embeddable":true,"href":"https:\/\/solidaridadnews.com\/index.php?rest_route=%2Fwp%2Fv2%2Fcomments&post=36568"}],"version-history":[{"count":1,"href":"https:\/\/solidaridadnews.com\/index.php?rest_route=\/wp\/v2\/posts\/36568\/revisions"}],"predecessor-version":[{"id":36569,"href":"https:\/\/solidaridadnews.com\/index.php?rest_route=\/wp\/v2\/posts\/36568\/revisions\/36569"}],"wp:featuredmedia":[{"embeddable":true,"href":"https:\/\/solidaridadnews.com\/index.php?rest_route=\/wp\/v2\/media\/36570"}],"wp:attachment":[{"href":"https:\/\/solidaridadnews.com\/index.php?rest_route=%2Fwp%2Fv2%2Fmedia&parent=36568"}],"wp:term":[{"taxonomy":"category","embeddable":true,"href":"https:\/\/solidaridadnews.com\/index.php?rest_route=%2Fwp%2Fv2%2Fcategories&post=36568"},{"taxonomy":"post_tag","embeddable":true,"href":"https:\/\/solidaridadnews.com\/index.php?rest_route=%2Fwp%2Fv2%2Ftags&post=36568"}],"curies":[{"name":"wp","href":"https:\/\/api.w.org\/{rel}","templated":true}]}}