{"id":36562,"date":"2024-10-22T11:23:20","date_gmt":"2024-10-22T16:23:20","guid":{"rendered":"https:\/\/solidaridadnews.com\/?p=36562"},"modified":"2024-10-22T16:23:22","modified_gmt":"2024-10-22T16:23:22","slug":"diego-forlan-debutara-como-tenista-profesional-en-el-uruguay-open-de-atp","status":"publish","type":"post","link":"https:\/\/solidaridadnews.com\/?p=36562","title":{"rendered":"Diego Forl\u00e1n debutar\u00e1 como tenista profesional en el Uruguay Open de ATP"},"content":{"rendered":"<p>\ud83d\udd38 El exfutbolista uruguayo comenzar\u00e1 su carrera en el Deporte Blanco a los 45 a\u00f1os de edad<\/p>\n<p>#DEPORTES | Del c\u00e9sped a la arcilla. Gran sorpresa ha recibido en Montevideo esta semana, pues se ha confirmado ya la participaci\u00f3n la leyenda del futbol charr\u00faa, Diego Forl\u00e1n, en el pr\u00f3ximo Uruguay Open, lo que significa que el m\u00edtico exdelantero de \u2018La Celeste\u2019, har\u00e1 su debut como tenista profesional en su pa\u00eds.<\/p>\n<p>Con 45 a\u00f1os de edad y retirado del futbol profesional hace ya m\u00e1s de un lustro, Diego Forl\u00e1n se mantuvo en excelente condici\u00f3n f\u00edsica y uno de sus m\u00e1s grandes sue\u00f1os era poder competir a nivel profesional en el tenis, un deporte que siempre ha disfrutado practicar de forma amateur, pero que ahora jugar\u00e1 en un torneo oficial de la ATP.<\/p>\n<p>Forl\u00e1n disputar\u00e1 el Uruguay Open, el cual forma parte del circuito ATP Challenger, el tercero de mayor dificultad de la categor\u00eda y que le podr\u00eda dar hasta 100 puntos de ATP en caso de llegar a ganarlo.<\/p>\n<p>El \u2018Cachavacha\u2019 participar\u00e1 en la modalidad de dobles y su pareja para este certamen ser\u00e1 el tenista argentino Federico Coria, quien actualmente se encuentra en el puesto 78 del Ranking ATP, pero que en 2023 lleg\u00f3 a ser el n\u00famero 49 del mundo.<\/p>\n<p>El Uruguay Open se disputar\u00e1 del 11 al 17 de noviembre en la capital Montevideo y a\u00fan se desconocen detalles de la participaci\u00f3n de Forl\u00e1n, como quienes ser\u00e1n sus rivales o cuando har\u00e1 su debut.<\/p>\n","protected":false},"excerpt":{"rendered":"<p>\ud83d\udd38 El exfutbolista uruguayo comenzar\u00e1 su carrera en el Deporte Blanco a los 45 a\u00f1os de edad #DEPORTES | Del c\u00e9sped a la arcilla. Gran sorpresa ha recibido en Montevideo esta semana, pues se ha confirmado ya la participaci\u00f3n la leyenda del futbol charr\u00faa, Diego Forl\u00e1n, en el pr\u00f3ximo Uruguay Open, lo que significa que [&hellip;]<\/p>\n","protected":false},"author":1,"featured_media":36564,"comment_status":"open","ping_status":"closed","sticky":false,"template":"","format":"standard","meta":{"footnotes":""},"categories":[6],"tags":[],"class_list":["post-36562","post","type-post","status-publish","format-standard","has-post-thumbnail","hentry","category-deportes"],"_links":{"self":[{"href":"https:\/\/solidaridadnews.com\/index.php?rest_route=\/wp\/v2\/posts\/36562","targetHints":{"allow":["GET"]}}],"collection":[{"href":"https:\/\/solidaridadnews.com\/index.php?rest_route=\/wp\/v2\/posts"}],"about":[{"href":"https:\/\/solidaridadnews.com\/index.php?rest_route=\/wp\/v2\/types\/post"}],"author":[{"embeddable":true,"href":"https:\/\/solidaridadnews.com\/index.php?rest_route=\/wp\/v2\/users\/1"}],"replies":[{"embeddable":true,"href":"https:\/\/solidaridadnews.com\/index.php?rest_route=%2Fwp%2Fv2%2Fcomments&post=36562"}],"version-history":[{"count":1,"href":"https:\/\/solidaridadnews.com\/index.php?rest_route=\/wp\/v2\/posts\/36562\/revisions"}],"predecessor-version":[{"id":36563,"href":"https:\/\/solidaridadnews.com\/index.php?rest_route=\/wp\/v2\/posts\/36562\/revisions\/36563"}],"wp:featuredmedia":[{"embeddable":true,"href":"https:\/\/solidaridadnews.com\/index.php?rest_route=\/wp\/v2\/media\/36564"}],"wp:attachment":[{"href":"https:\/\/solidaridadnews.com\/index.php?rest_route=%2Fwp%2Fv2%2Fmedia&parent=36562"}],"wp:term":[{"taxonomy":"category","embeddable":true,"href":"https:\/\/solidaridadnews.com\/index.php?rest_route=%2Fwp%2Fv2%2Fcategories&post=36562"},{"taxonomy":"post_tag","embeddable":true,"href":"https:\/\/solidaridadnews.com\/index.php?rest_route=%2Fwp%2Fv2%2Ftags&post=36562"}],"curies":[{"name":"wp","href":"https:\/\/api.w.org\/{rel}","templated":true}]}}