{"id":36500,"date":"2024-10-21T11:28:36","date_gmt":"2024-10-21T16:28:36","guid":{"rendered":"https:\/\/solidaridadnews.com\/?p=36500"},"modified":"2024-10-21T16:28:37","modified_gmt":"2024-10-21T16:28:37","slug":"pepe-couttolenc-impulsa-la-conciencia-y-educacion-ambiental-en-el-estado-de-mexico","status":"publish","type":"post","link":"https:\/\/solidaridadnews.com\/?p=36500","title":{"rendered":"Pepe Couttolenc impulsa la conciencia y educaci\u00f3n ambiental en el Estado de M\u00e9xico"},"content":{"rendered":"<p>\ud83d\udd38 A trav\u00e9s de sus iniciativas, el legislador se posiciona como un l\u00edder comprometido con la creaci\u00f3n de un Edomex m\u00e1s verde<\/p>\n<p>#ESTADODEM\u00c9XICO | En el Estado de M\u00e9xico, se trabaja intensamente por el fomento de la conciencia ambiental, y en este esfuerzo destaca la labor de Pepe Couttolenc, diputado local y l\u00edder estatal del Partido Verde. Couttolenc enfatiza la importancia de educar y empoderar a los m\u00e1s j\u00f3venes, asegurando que hoy se tiene la oportunidad de sembrar las semillas para un futuro m\u00e1s sostenible..<\/p>\n<p>Durante su gesti\u00f3n al frente del Partido Verde ha promovido la integraci\u00f3n de lecciones de sustentabilidad en los programas educativos, convencido de que cada peque\u00f1o gesto cuenta. Al ense\u00f1ar a los ni\u00f1os con amor y respeto hacia la naturaleza, se busca transformar su curiosidad en acciones concretas que impacten positivamente al medio ambiente.<\/p>\n<p>Couttolenc tambi\u00e9n ha hecho un llamado a la comunidad para que se conviertan en h\u00e9roes del reciclaje, fomentando pr\u00e1cticas que contribuyan a la reducci\u00f3n de residuos y a la conservaci\u00f3n de los recursos naturales. Su enfoque destaca que la educaci\u00f3n ambiental no solo es responsabilidad de las instituciones, sino de toda la sociedad, que debe unirse para construir una cultura de cuidado y respeto por el entorno.<\/p>\n<p>A trav\u00e9s de sus iniciativas, Pepe Couttolenc se posiciona como un l\u00edder comprometido con la creaci\u00f3n de un Estado de M\u00e9xico m\u00e1s verde, donde las nuevas generaciones puedan crecer con una s\u00f3lida conciencia ambiental.<\/p>\n","protected":false},"excerpt":{"rendered":"<p>\ud83d\udd38 A trav\u00e9s de sus iniciativas, el legislador se posiciona como un l\u00edder comprometido con la creaci\u00f3n de un Edomex m\u00e1s verde #ESTADODEM\u00c9XICO | En el Estado de M\u00e9xico, se trabaja intensamente por el fomento de la conciencia ambiental, y en este esfuerzo destaca la labor de Pepe Couttolenc, diputado local y l\u00edder estatal del [&hellip;]<\/p>\n","protected":false},"author":1,"featured_media":36502,"comment_status":"open","ping_status":"closed","sticky":false,"template":"","format":"standard","meta":{"footnotes":""},"categories":[24],"tags":[],"class_list":["post-36500","post","type-post","status-publish","format-standard","has-post-thumbnail","hentry","category-edomex"],"_links":{"self":[{"href":"https:\/\/solidaridadnews.com\/index.php?rest_route=\/wp\/v2\/posts\/36500","targetHints":{"allow":["GET"]}}],"collection":[{"href":"https:\/\/solidaridadnews.com\/index.php?rest_route=\/wp\/v2\/posts"}],"about":[{"href":"https:\/\/solidaridadnews.com\/index.php?rest_route=\/wp\/v2\/types\/post"}],"author":[{"embeddable":true,"href":"https:\/\/solidaridadnews.com\/index.php?rest_route=\/wp\/v2\/users\/1"}],"replies":[{"embeddable":true,"href":"https:\/\/solidaridadnews.com\/index.php?rest_route=%2Fwp%2Fv2%2Fcomments&post=36500"}],"version-history":[{"count":1,"href":"https:\/\/solidaridadnews.com\/index.php?rest_route=\/wp\/v2\/posts\/36500\/revisions"}],"predecessor-version":[{"id":36501,"href":"https:\/\/solidaridadnews.com\/index.php?rest_route=\/wp\/v2\/posts\/36500\/revisions\/36501"}],"wp:featuredmedia":[{"embeddable":true,"href":"https:\/\/solidaridadnews.com\/index.php?rest_route=\/wp\/v2\/media\/36502"}],"wp:attachment":[{"href":"https:\/\/solidaridadnews.com\/index.php?rest_route=%2Fwp%2Fv2%2Fmedia&parent=36500"}],"wp:term":[{"taxonomy":"category","embeddable":true,"href":"https:\/\/solidaridadnews.com\/index.php?rest_route=%2Fwp%2Fv2%2Fcategories&post=36500"},{"taxonomy":"post_tag","embeddable":true,"href":"https:\/\/solidaridadnews.com\/index.php?rest_route=%2Fwp%2Fv2%2Ftags&post=36500"}],"curies":[{"name":"wp","href":"https:\/\/api.w.org\/{rel}","templated":true}]}}