{"id":36313,"date":"2024-10-11T12:26:02","date_gmt":"2024-10-11T17:26:02","guid":{"rendered":"https:\/\/solidaridadnews.com\/?p=36313"},"modified":"2024-10-11T17:26:03","modified_gmt":"2024-10-11T17:26:03","slug":"rehabilitan-calles-en-centro-historico-de-zacatecas","status":"publish","type":"post","link":"https:\/\/solidaridadnews.com\/?p=36313","title":{"rendered":"Rehabilitan calles en centro hist\u00f3rico de Zacatecas"},"content":{"rendered":"<p>\ud83d\udd38 Se llev\u00f3 a cabo el bacheo con piedra cuadrada, un material que conserva la est\u00e9tica tradicional del Centro Hist\u00f3rico, garantizando mayor seguridad y mejor movilidad para vecinos y turistas.<\/p>\n<p>#ZACATECAS | Siguiendo las indicaciones del alcalde Miguel Varela, el personal de bacheo de la Gerencia del Centro Hist\u00f3rico ha intensificado las acciones de rehabilitaci\u00f3n en las zonas clave del primer cuadro de la ciudad, respondiendo a las solicitudes de los colonos y mejorando las condiciones de las vialidades.<\/p>\n<p>En el Callej\u00f3n del Laso, se llev\u00f3 a cabo el bacheo con piedra cuadrada de 40\u00d740, un material que conserva la est\u00e9tica tradicional del Centro Hist\u00f3rico, garantizando mayor seguridad y mejor movilidad para vecinos y turistas.<\/p>\n<p>Por otra parte, atendiendo una petici\u00f3n de los vecinos del Centro Hist\u00f3rico, se repar\u00f3 la rejilla en el Callej\u00f3n de Velasco y Del Estudiante, un problema que hab\u00eda sido reportado sin atenci\u00f3n por administraciones pasadas. Sin embargo, bajo la gesti\u00f3n de Miguel Varela, se ha demostrado un compromiso firme de escucha y acci\u00f3n, brindando soluciones r\u00e1pidas y efectivas para la comunidad.<\/p>\n<p>Con estas acciones, el Ayuntamiento de Zacatecas Capital reafirma su compromiso de mejorar la infraestructura y servicios en beneficio de todos los ciudadanos.<\/p>\n<p>Juntos construimos un cambio para Zacatecas, un cambio visible a trav\u00e9s de la atenci\u00f3n oportuna y las mejoras que se realizan en cada rinc\u00f3n de la capital.<\/p>\n","protected":false},"excerpt":{"rendered":"<p>\ud83d\udd38 Se llev\u00f3 a cabo el bacheo con piedra cuadrada, un material que conserva la est\u00e9tica tradicional del Centro Hist\u00f3rico, garantizando mayor seguridad y mejor movilidad para vecinos y turistas. #ZACATECAS | Siguiendo las indicaciones del alcalde Miguel Varela, el personal de bacheo de la Gerencia del Centro Hist\u00f3rico ha intensificado las acciones de rehabilitaci\u00f3n [&hellip;]<\/p>\n","protected":false},"author":1,"featured_media":36315,"comment_status":"open","ping_status":"closed","sticky":false,"template":"","format":"standard","meta":{"footnotes":""},"categories":[28],"tags":[],"class_list":["post-36313","post","type-post","status-publish","format-standard","has-post-thumbnail","hentry","category-zacatecas"],"_links":{"self":[{"href":"https:\/\/solidaridadnews.com\/index.php?rest_route=\/wp\/v2\/posts\/36313","targetHints":{"allow":["GET"]}}],"collection":[{"href":"https:\/\/solidaridadnews.com\/index.php?rest_route=\/wp\/v2\/posts"}],"about":[{"href":"https:\/\/solidaridadnews.com\/index.php?rest_route=\/wp\/v2\/types\/post"}],"author":[{"embeddable":true,"href":"https:\/\/solidaridadnews.com\/index.php?rest_route=\/wp\/v2\/users\/1"}],"replies":[{"embeddable":true,"href":"https:\/\/solidaridadnews.com\/index.php?rest_route=%2Fwp%2Fv2%2Fcomments&post=36313"}],"version-history":[{"count":1,"href":"https:\/\/solidaridadnews.com\/index.php?rest_route=\/wp\/v2\/posts\/36313\/revisions"}],"predecessor-version":[{"id":36314,"href":"https:\/\/solidaridadnews.com\/index.php?rest_route=\/wp\/v2\/posts\/36313\/revisions\/36314"}],"wp:featuredmedia":[{"embeddable":true,"href":"https:\/\/solidaridadnews.com\/index.php?rest_route=\/wp\/v2\/media\/36315"}],"wp:attachment":[{"href":"https:\/\/solidaridadnews.com\/index.php?rest_route=%2Fwp%2Fv2%2Fmedia&parent=36313"}],"wp:term":[{"taxonomy":"category","embeddable":true,"href":"https:\/\/solidaridadnews.com\/index.php?rest_route=%2Fwp%2Fv2%2Fcategories&post=36313"},{"taxonomy":"post_tag","embeddable":true,"href":"https:\/\/solidaridadnews.com\/index.php?rest_route=%2Fwp%2Fv2%2Ftags&post=36313"}],"curies":[{"name":"wp","href":"https:\/\/api.w.org\/{rel}","templated":true}]}}