{"id":36292,"date":"2024-10-10T12:04:49","date_gmt":"2024-10-10T17:04:49","guid":{"rendered":"https:\/\/solidaridadnews.com\/?p=36292"},"modified":"2024-10-10T17:04:50","modified_gmt":"2024-10-10T17:04:50","slug":"vestigios-de-antigua-muralla-de-veracruz-seran-atractivo-turistico","status":"publish","type":"post","link":"https:\/\/solidaridadnews.com\/?p=36292","title":{"rendered":"Vestigios de antigua muralla de Veracruz ser\u00e1n atractivo tur\u00edstico"},"content":{"rendered":"<p>\ud83d\udd38 El proyecto de la Plaza al Hero\u00edsmo es una obra que fue bien recibida por los veracruzanos.<\/p>\n<p>#VERACRUZ | Luego de un recorrido por las obras de la Plaza al Hero\u00edsmo donde fueron encontrados restos de la muralla, la presidenta municipal de Veracruz, Patricia Lobeira Rodr\u00edguez confirm\u00f3 que los vestigios quedar\u00e1n expuestos para que turistas y aleda\u00f1os puedan apreciar ese fragmento de la historia.<\/p>\n<p>Agradeci\u00f3 el apoyo de la Administraci\u00f3n del Sistema Portuario Nacional de Veracruz (Asipona) y del Instituto Nacional de Antropolog\u00eda e Historia (INAH) por permitir que los vestigios encontrados se sumen a los atractivos tur\u00edsticos de la zona.<\/p>\n<p>Afirm\u00f3 que el proyecto de la Plaza al Hero\u00edsmo es una obra que fue bien recibida por los veracruzanos y ahora que se agrega la exhibici\u00f3n de la muralla, se espera que sea de los sitios m\u00e1s visitados.<\/p>\n<p>Agreg\u00f3 que la obra de construcci\u00f3n de la plaza va muy bien, ya se est\u00e1 terminando el Mercado de Artesan\u00edas a fin de que los comerciantes conserven sus lugares de trabajo.<\/p>\n<p>Reconoci\u00f3 que precisamente por el descubrimiento de la muralla, es que Asipona retras\u00f3 un poco la obra a instancias del INAH, sin embargo, espera que a finales de a\u00f1o pueda ya estar culminada.<\/p>\n<p>En una publicaci\u00f3n la alcaldesa hizo referencia al hallazgo de esta manera: \u201cUn hallazgo que conecta el pasado con el presente! Durante los trabajos de construcci\u00f3n en la Plaza del Hero\u00edsmo, se ha descubierto una secci\u00f3n de la antigua muralla de Veracruz. Este importante vestigio hist\u00f3rico nos recuerda la valent\u00eda y fortaleza de nuestra ciudad en tiempos de defensa y resistencia\u201d.<\/p>\n<p>Cabe destacar que el pasado 10 de septiembre se hizo el descubrimiento de los restos de la muralla, luego de una supervisi\u00f3n arqueol\u00f3gica realizada por especialistas del Instituto Nacional de Antropolog\u00eda e Historia (INAH).<\/p>\n","protected":false},"excerpt":{"rendered":"<p>\ud83d\udd38 El proyecto de la Plaza al Hero\u00edsmo es una obra que fue bien recibida por los veracruzanos. #VERACRUZ | Luego de un recorrido por las obras de la Plaza al Hero\u00edsmo donde fueron encontrados restos de la muralla, la presidenta municipal de Veracruz, Patricia Lobeira Rodr\u00edguez confirm\u00f3 que los vestigios quedar\u00e1n expuestos para que [&hellip;]<\/p>\n","protected":false},"author":1,"featured_media":36294,"comment_status":"open","ping_status":"closed","sticky":false,"template":"","format":"standard","meta":{"footnotes":""},"categories":[35],"tags":[],"class_list":["post-36292","post","type-post","status-publish","format-standard","has-post-thumbnail","hentry","category-veracruz"],"_links":{"self":[{"href":"https:\/\/solidaridadnews.com\/index.php?rest_route=\/wp\/v2\/posts\/36292","targetHints":{"allow":["GET"]}}],"collection":[{"href":"https:\/\/solidaridadnews.com\/index.php?rest_route=\/wp\/v2\/posts"}],"about":[{"href":"https:\/\/solidaridadnews.com\/index.php?rest_route=\/wp\/v2\/types\/post"}],"author":[{"embeddable":true,"href":"https:\/\/solidaridadnews.com\/index.php?rest_route=\/wp\/v2\/users\/1"}],"replies":[{"embeddable":true,"href":"https:\/\/solidaridadnews.com\/index.php?rest_route=%2Fwp%2Fv2%2Fcomments&post=36292"}],"version-history":[{"count":1,"href":"https:\/\/solidaridadnews.com\/index.php?rest_route=\/wp\/v2\/posts\/36292\/revisions"}],"predecessor-version":[{"id":36293,"href":"https:\/\/solidaridadnews.com\/index.php?rest_route=\/wp\/v2\/posts\/36292\/revisions\/36293"}],"wp:featuredmedia":[{"embeddable":true,"href":"https:\/\/solidaridadnews.com\/index.php?rest_route=\/wp\/v2\/media\/36294"}],"wp:attachment":[{"href":"https:\/\/solidaridadnews.com\/index.php?rest_route=%2Fwp%2Fv2%2Fmedia&parent=36292"}],"wp:term":[{"taxonomy":"category","embeddable":true,"href":"https:\/\/solidaridadnews.com\/index.php?rest_route=%2Fwp%2Fv2%2Fcategories&post=36292"},{"taxonomy":"post_tag","embeddable":true,"href":"https:\/\/solidaridadnews.com\/index.php?rest_route=%2Fwp%2Fv2%2Ftags&post=36292"}],"curies":[{"name":"wp","href":"https:\/\/api.w.org\/{rel}","templated":true}]}}