{"id":36289,"date":"2024-10-10T12:03:19","date_gmt":"2024-10-10T17:03:19","guid":{"rendered":"https:\/\/solidaridadnews.com\/?p=36289"},"modified":"2024-10-10T17:03:20","modified_gmt":"2024-10-10T17:03:20","slug":"rocio-nahle-promete-impulsar-el-sur-de-veracruz-en-su-gestion-como-gobernadora","status":"publish","type":"post","link":"https:\/\/solidaridadnews.com\/?p=36289","title":{"rendered":"Roc\u00edo Nahle promete impulsar el sur de Veracruz en su gesti\u00f3n como gobernadora"},"content":{"rendered":"<p>\ud83d\udd38 La mandataria electa asisti\u00f3 a la inauguraci\u00f3n del 19\u00b0 Foro Regional de Ingenier\u00eda Qu\u00edmica<\/p>\n<p>#VERACRUZ | Durante la inauguraci\u00f3n del 19\u00b0 Foro Regional de Ingenier\u00eda Qu\u00edmica, Roc\u00edo Nahle, gobernadora electa de Veracruz, destac\u00f3 la importancia de impulsar el desarrollo del sur del estado como nunca antes.<\/p>\n<p>\u00abVeracruz lo tiene todo: mano de obra, especialistas, industria y petroqu\u00edmica\u00bb, asegur\u00f3 Nahle, quien subray\u00f3 el potencial que ofrece la regi\u00f3n para los proyectos de la cuarta transformaci\u00f3n.<\/p>\n<p>La gobernadora electa enfatiz\u00f3 el papel crucial que Veracruz ha desempe\u00f1ado en estos proyectos y se mostr\u00f3 optimista sobre el futuro del estado.<\/p>\n<p>\u00ab\u00a1A Veracruz le va a ir muy bien!\u00bb, concluy\u00f3, generando expectativas sobre su administraci\u00f3n y el desarrollo econ\u00f3mico que planea fomentar en la regi\u00f3n.<\/p>\n","protected":false},"excerpt":{"rendered":"<p>\ud83d\udd38 La mandataria electa asisti\u00f3 a la inauguraci\u00f3n del 19\u00b0 Foro Regional de Ingenier\u00eda Qu\u00edmica #VERACRUZ | Durante la inauguraci\u00f3n del 19\u00b0 Foro Regional de Ingenier\u00eda Qu\u00edmica, Roc\u00edo Nahle, gobernadora electa de Veracruz, destac\u00f3 la importancia de impulsar el desarrollo del sur del estado como nunca antes. \u00abVeracruz lo tiene todo: mano de obra, especialistas, [&hellip;]<\/p>\n","protected":false},"author":1,"featured_media":36291,"comment_status":"open","ping_status":"closed","sticky":false,"template":"","format":"standard","meta":{"footnotes":""},"categories":[35],"tags":[],"class_list":["post-36289","post","type-post","status-publish","format-standard","has-post-thumbnail","hentry","category-veracruz"],"_links":{"self":[{"href":"https:\/\/solidaridadnews.com\/index.php?rest_route=\/wp\/v2\/posts\/36289","targetHints":{"allow":["GET"]}}],"collection":[{"href":"https:\/\/solidaridadnews.com\/index.php?rest_route=\/wp\/v2\/posts"}],"about":[{"href":"https:\/\/solidaridadnews.com\/index.php?rest_route=\/wp\/v2\/types\/post"}],"author":[{"embeddable":true,"href":"https:\/\/solidaridadnews.com\/index.php?rest_route=\/wp\/v2\/users\/1"}],"replies":[{"embeddable":true,"href":"https:\/\/solidaridadnews.com\/index.php?rest_route=%2Fwp%2Fv2%2Fcomments&post=36289"}],"version-history":[{"count":1,"href":"https:\/\/solidaridadnews.com\/index.php?rest_route=\/wp\/v2\/posts\/36289\/revisions"}],"predecessor-version":[{"id":36290,"href":"https:\/\/solidaridadnews.com\/index.php?rest_route=\/wp\/v2\/posts\/36289\/revisions\/36290"}],"wp:featuredmedia":[{"embeddable":true,"href":"https:\/\/solidaridadnews.com\/index.php?rest_route=\/wp\/v2\/media\/36291"}],"wp:attachment":[{"href":"https:\/\/solidaridadnews.com\/index.php?rest_route=%2Fwp%2Fv2%2Fmedia&parent=36289"}],"wp:term":[{"taxonomy":"category","embeddable":true,"href":"https:\/\/solidaridadnews.com\/index.php?rest_route=%2Fwp%2Fv2%2Fcategories&post=36289"},{"taxonomy":"post_tag","embeddable":true,"href":"https:\/\/solidaridadnews.com\/index.php?rest_route=%2Fwp%2Fv2%2Ftags&post=36289"}],"curies":[{"name":"wp","href":"https:\/\/api.w.org\/{rel}","templated":true}]}}