{"id":36286,"date":"2024-10-10T12:00:24","date_gmt":"2024-10-10T17:00:24","guid":{"rendered":"https:\/\/solidaridadnews.com\/?p=36286"},"modified":"2024-10-10T17:00:26","modified_gmt":"2024-10-10T17:00:26","slug":"gerardo-vargas-landeros-inicia-el-proceso-de-entrega-recepcion-como-alcalde-reelecto-de-ahome","status":"publish","type":"post","link":"https:\/\/solidaridadnews.com\/?p=36286","title":{"rendered":"Gerardo Vargas Landeros inicia el Proceso de Entrega-Recepci\u00f3n como alcalde reelecto de Ahome"},"content":{"rendered":"<p>\ud83d\udd38 Esta es la primera vez que un presidente municipal en Ahome ocupa el cargo por dos periodos consecutivos, marcando un hito en la pol\u00edtica local<\/p>\n<p>#SINALOA | En un hecho hist\u00f3rico para el municipio, Gerardo Vargas Landeros ha dado inicio al proceso de entrega-recepci\u00f3n de su segundo periodo como alcalde reelecto. Esta es la primera vez que un alcalde en Ahome ocupa el cargo por dos periodos consecutivos, marcando un hito en la pol\u00edtica local.<\/p>\n<p>Durante el anuncio, Vargas Landeros subray\u00f3 su compromiso con la transparencia y el apego a la legalidad en este proceso, enfatizando que estas son exigencias fundamentales de la ciudadan\u00eda. \u00abVamos a llevar a cabo este proceso con total claridad y respeto a las normas, como la gente espera de nosotros\u00bb, afirm\u00f3 el alcalde.<\/p>\n<p>La reelecci\u00f3n de Vargas Landeros refleja la confianza de los ahomenses en su gesti\u00f3n, y se espera que en este nuevo mandato contin\u00fae trabajando en favor del desarrollo y bienestar de la comunidad.<\/p>\n","protected":false},"excerpt":{"rendered":"<p>\ud83d\udd38 Esta es la primera vez que un presidente municipal en Ahome ocupa el cargo por dos periodos consecutivos, marcando un hito en la pol\u00edtica local #SINALOA | En un hecho hist\u00f3rico para el municipio, Gerardo Vargas Landeros ha dado inicio al proceso de entrega-recepci\u00f3n de su segundo periodo como alcalde reelecto. Esta es la [&hellip;]<\/p>\n","protected":false},"author":1,"featured_media":36288,"comment_status":"open","ping_status":"closed","sticky":false,"template":"","format":"standard","meta":{"footnotes":""},"categories":[38],"tags":[],"class_list":["post-36286","post","type-post","status-publish","format-standard","has-post-thumbnail","hentry","category-sinaloa"],"_links":{"self":[{"href":"https:\/\/solidaridadnews.com\/index.php?rest_route=\/wp\/v2\/posts\/36286","targetHints":{"allow":["GET"]}}],"collection":[{"href":"https:\/\/solidaridadnews.com\/index.php?rest_route=\/wp\/v2\/posts"}],"about":[{"href":"https:\/\/solidaridadnews.com\/index.php?rest_route=\/wp\/v2\/types\/post"}],"author":[{"embeddable":true,"href":"https:\/\/solidaridadnews.com\/index.php?rest_route=\/wp\/v2\/users\/1"}],"replies":[{"embeddable":true,"href":"https:\/\/solidaridadnews.com\/index.php?rest_route=%2Fwp%2Fv2%2Fcomments&post=36286"}],"version-history":[{"count":1,"href":"https:\/\/solidaridadnews.com\/index.php?rest_route=\/wp\/v2\/posts\/36286\/revisions"}],"predecessor-version":[{"id":36287,"href":"https:\/\/solidaridadnews.com\/index.php?rest_route=\/wp\/v2\/posts\/36286\/revisions\/36287"}],"wp:featuredmedia":[{"embeddable":true,"href":"https:\/\/solidaridadnews.com\/index.php?rest_route=\/wp\/v2\/media\/36288"}],"wp:attachment":[{"href":"https:\/\/solidaridadnews.com\/index.php?rest_route=%2Fwp%2Fv2%2Fmedia&parent=36286"}],"wp:term":[{"taxonomy":"category","embeddable":true,"href":"https:\/\/solidaridadnews.com\/index.php?rest_route=%2Fwp%2Fv2%2Fcategories&post=36286"},{"taxonomy":"post_tag","embeddable":true,"href":"https:\/\/solidaridadnews.com\/index.php?rest_route=%2Fwp%2Fv2%2Ftags&post=36286"}],"curies":[{"name":"wp","href":"https:\/\/api.w.org\/{rel}","templated":true}]}}