{"id":36269,"date":"2024-10-09T11:26:21","date_gmt":"2024-10-09T16:26:21","guid":{"rendered":"https:\/\/solidaridadnews.com\/?p=36269"},"modified":"2024-10-09T16:26:22","modified_gmt":"2024-10-09T16:26:22","slug":"jenna-fischer-pam-en-the-office-supero-cancer-de-mama-fue-diagnosticada-en-2023","status":"publish","type":"post","link":"https:\/\/solidaridadnews.com\/?p=36269","title":{"rendered":"Jenna Fischer, Pam en The Office, super\u00f3 c\u00e1ncer de mama; fue diagnosticada en 2023"},"content":{"rendered":"<p>\ud83d\udd38 La actriz aboga por la detecci\u00f3n temprana y el cuidado de la salud, agradeciendo a quienes la apoyaron durante su proceso de recuperaci\u00f3n<\/p>\n<p>#ESPECT\u00c1CULOS | Jenna Fischer, conocida mundialmente por interpretar a Pam Beesly en la popular serie \u00abThe Office\u00bb, sorprendi\u00f3 recientemente a sus seguidores, ya que a trav\u00e9s de sus redes sociales, Fischer revel\u00f3 que en diciembre de 2023 fue diagnosticada con c\u00e1ncer de mama y que se someti\u00f3 a un tratamiento para combatir la enfermedad.<\/p>\n<p>Todo comenz\u00f3 cuando Fischer public\u00f3 en octubre de 2023 una imagen en su cuenta de Instagram, justo antes de realizarse una mamograf\u00eda de rutina. Lo hizo con su caracter\u00edstico humor, pero lo que parec\u00eda una broma termin\u00f3 tomando un giro inesperado.<\/p>\n<p>Seg\u00fan explic\u00f3 en su publicaci\u00f3n, el resultado de esa prueba fue \u00abno concluyente\u00bb, lo que la llev\u00f3 a realizarse m\u00e1s ex\u00e1menes.<\/p>\n<p>\u00abEn octubre de 2023 publiqu\u00e9 una foto m\u00eda en Instagram prepar\u00e1ndome para mi mamograf\u00eda de rutina con un recordatorio de broma sobre &#8216;cuidar tus bolsas&#8217;, muy a la Michael Scott\u00bb, explic\u00f3 la actriz.<\/p>\n<p>Sin embargo, los resultados de esa mamograf\u00eda inicial no fueron claros, lo que despert\u00f3 la preocupaci\u00f3n de sus m\u00e9dicos y deriv\u00f3 en una ecograf\u00eda.<\/p>\n<p>El diagn\u00f3stico y el tratamiento de Jenna Fischer<br \/>\nTras la ecograf\u00eda, los especialistas encontraron una anomal\u00eda en su pecho izquierdo. Finalmente, el 1 de diciembre de 2023, Fischer recibi\u00f3 un diagn\u00f3stico que cambi\u00f3 su vida: c\u00e1ncer de mama triple positivo en etapa 1.<\/p>\n<p>\u201cDebido al tejido mamario denso, mi m\u00e9dico orden\u00f3 una ecograf\u00eda de mama. Encontraron algo en mi pecho izquierdo. Se orden\u00f3 una biopsia. Luego, el 1 de diciembre de 2023, me enter\u00e9 de que ten\u00eda c\u00e1ncer de mama triple positivo en etapa 1&#8243;, explic\u00f3 Fischer en su publicaci\u00f3n.<\/p>\n<p>Aunque el tipo de c\u00e1ncer que le detectaron es sensible a los tratamientos, tambi\u00e9n es bastante agresivo. Por esta raz\u00f3n, la actriz debi\u00f3 someterse a un tratamiento intensivo que incluy\u00f3 12 sesiones de quimioterapia y tres semanas de radioterapia.<\/p>\n<p>Jenna Fischer decidi\u00f3 mantener su diagn\u00f3stico en privado, comparti\u00e9ndolo solo con un c\u00edrculo muy cercano de personas.<\/p>\n<p>Una de esas personas fue su mejor amiga y compa\u00f1era de \u00abThe Office\u00bb, Angela Kinsey, quien la apoy\u00f3 de manera incondicional durante todo el proceso.<\/p>\n<p>\u00abAngela Kinsey me protegi\u00f3. Durante mucho tiempo, ella fue la \u00fanica persona en mi espacio de trabajo que lo sab\u00eda. Cuando perd\u00ed mi cabello, ella usaba sombreros para nuestras reuniones de trabajo para que yo no fuera la \u00fanica haci\u00e9ndolo\u00bb, confes\u00f3 Fischer.<\/p>\n<p>Afortunadamente, el c\u00e1ncer fue detectado a tiempo, lo que le permiti\u00f3 someterse a una cirug\u00eda y completar su tratamiento con \u00e9xito. En su publicaci\u00f3n, Fischer tambi\u00e9n habl\u00f3 sobre c\u00f3mo decidi\u00f3 hacer p\u00fablico su diagn\u00f3stico y su proceso de recuperaci\u00f3n.<\/p>\n<p>\u201cMe he librado del c\u00e1ncer. Quer\u00eda una foto m\u00eda con mi pixie con parches, feliz y sana, para acompa\u00f1ar esta noticia&#8230; Me alegra decir que me encuentro estupendamente\u201d.<\/p>\n<p>A pesar de que ha superado la etapa m\u00e1s dif\u00edcil de la enfermedad, Fischer seguir\u00e1 con tratamientos como las infusiones de Herceptin y el uso de Tamoxifen, con el objetivo de mantenerse libre de c\u00e1ncer.<\/p>\n<p>Adem\u00e1s, aprovech\u00f3 la oportunidad para hacer un llamado de concientizaci\u00f3n a todas las mujeres sobre la importancia de realizarse chequeos anuales y someterse a pruebas de detecci\u00f3n temprana de c\u00e1ncer de mama.<\/p>\n<p>\u201cMi tumor era tan peque\u00f1o que no pod\u00eda palparse en un examen f\u00edsico. Si hubiera esperado seis meses m\u00e1s, las cosas podr\u00edan haber sido mucho peores. Podr\u00eda haberse extendido&#8230; De repente, todo en tu vida gira en torno a una cosa: luchar contra el c\u00e1ncer\u201d, a\u00f1adi\u00f3 Fischer.<\/p>\n<p>Durante todo el proceso, Fischer cont\u00f3 con el apoyo de muchas personas, tanto conocidas como desconocidas, que la ayudaron a mantenerse fuerte.<\/p>\n<p>\u201cAgradezco a todas las personas que me apoyaron: amistades, equipo m\u00e9dico y de enfermer\u00eda, as\u00ed como a sobrevivientes de c\u00e1ncer que compartieron conmigo sus historias. Necesitaba espacios y personas que no me consideraran una enferma de c\u00e1ncer\u201d, agreg\u00f3.<\/p>\n","protected":false},"excerpt":{"rendered":"<p>\ud83d\udd38 La actriz aboga por la detecci\u00f3n temprana y el cuidado de la salud, agradeciendo a quienes la apoyaron durante su proceso de recuperaci\u00f3n #ESPECT\u00c1CULOS | Jenna Fischer, conocida mundialmente por interpretar a Pam Beesly en la popular serie \u00abThe Office\u00bb, sorprendi\u00f3 recientemente a sus seguidores, ya que a trav\u00e9s de sus redes sociales, Fischer [&hellip;]<\/p>\n","protected":false},"author":1,"featured_media":36271,"comment_status":"open","ping_status":"closed","sticky":false,"template":"","format":"standard","meta":{"footnotes":""},"categories":[3],"tags":[],"class_list":["post-36269","post","type-post","status-publish","format-standard","has-post-thumbnail","hentry","category-espectaculos"],"_links":{"self":[{"href":"https:\/\/solidaridadnews.com\/index.php?rest_route=\/wp\/v2\/posts\/36269","targetHints":{"allow":["GET"]}}],"collection":[{"href":"https:\/\/solidaridadnews.com\/index.php?rest_route=\/wp\/v2\/posts"}],"about":[{"href":"https:\/\/solidaridadnews.com\/index.php?rest_route=\/wp\/v2\/types\/post"}],"author":[{"embeddable":true,"href":"https:\/\/solidaridadnews.com\/index.php?rest_route=\/wp\/v2\/users\/1"}],"replies":[{"embeddable":true,"href":"https:\/\/solidaridadnews.com\/index.php?rest_route=%2Fwp%2Fv2%2Fcomments&post=36269"}],"version-history":[{"count":1,"href":"https:\/\/solidaridadnews.com\/index.php?rest_route=\/wp\/v2\/posts\/36269\/revisions"}],"predecessor-version":[{"id":36270,"href":"https:\/\/solidaridadnews.com\/index.php?rest_route=\/wp\/v2\/posts\/36269\/revisions\/36270"}],"wp:featuredmedia":[{"embeddable":true,"href":"https:\/\/solidaridadnews.com\/index.php?rest_route=\/wp\/v2\/media\/36271"}],"wp:attachment":[{"href":"https:\/\/solidaridadnews.com\/index.php?rest_route=%2Fwp%2Fv2%2Fmedia&parent=36269"}],"wp:term":[{"taxonomy":"category","embeddable":true,"href":"https:\/\/solidaridadnews.com\/index.php?rest_route=%2Fwp%2Fv2%2Fcategories&post=36269"},{"taxonomy":"post_tag","embeddable":true,"href":"https:\/\/solidaridadnews.com\/index.php?rest_route=%2Fwp%2Fv2%2Ftags&post=36269"}],"curies":[{"name":"wp","href":"https:\/\/api.w.org\/{rel}","templated":true}]}}