{"id":36266,"date":"2024-10-09T11:10:54","date_gmt":"2024-10-09T16:10:54","guid":{"rendered":"https:\/\/solidaridadnews.com\/?p=36266"},"modified":"2024-10-09T16:10:55","modified_gmt":"2024-10-09T16:10:55","slug":"anuncian-expoventa-cafe-en-parque-puebla","status":"publish","type":"post","link":"https:\/\/solidaridadnews.com\/?p=36266","title":{"rendered":"Anuncian \u00abExpoventa Caf\u00e9\u00bb en Parque Puebla"},"content":{"rendered":"<p>\ud83d\udd38 La expo se llevar\u00e1 a cabo del 11 al 13 de octubre, con el objetivo de apoyar y promocionar a productores y artesanos de las sierras Norte, Nororiental y Negra.<\/p>\n<p>#PUEBLA | La Secretar\u00eda de Turismo anunci\u00f3 la \u00abExpoventa Caf\u00e9\u00bb, que se llevar\u00e1 a cabo del 11 al 13 de octubre en el centro comercial Parque Puebla, con el objetivo de apoyar y promocionar a productores y artesanos de las sierras Norte, Nororiental y Negra.<\/p>\n<p>Las y los visitantes podr\u00e1n adquirir y degustar diversos tipos del arom\u00e1tico a precios accesibles, cosechado en municipios como Ajalpan, Cuetzalan, Huitzilan de Serd\u00e1n, Huauchinango, Naupan, Pahuatl\u00e1n, San Sebasti\u00e1n Tlacotepec, Tlatlauquitepec, Xicotepec, Zacapoaxtla y Zongozotla.<\/p>\n<p>La expo estar\u00e1 vigente desde las 11:00 hasta las 19:00 horas, cuya entrada es gratuita y donde las personas tambi\u00e9n podr\u00e1n adquirir diversas artesan\u00edas elaboradas por manos creativas y de gran tradici\u00f3n de los municipios antes mencionados.<\/p>\n<p>Adem\u00e1s, se comercializar\u00e1n bebidas artesanales como el mezcal poblano que en los \u00faltimos a\u00f1os se ha posicionado como uno de los mejores del pa\u00eds, al grado de que ha ganado premios en cert\u00e1menes internacionales.<\/p>\n","protected":false},"excerpt":{"rendered":"<p>\ud83d\udd38 La expo se llevar\u00e1 a cabo del 11 al 13 de octubre, con el objetivo de apoyar y promocionar a productores y artesanos de las sierras Norte, Nororiental y Negra. #PUEBLA | La Secretar\u00eda de Turismo anunci\u00f3 la \u00abExpoventa Caf\u00e9\u00bb, que se llevar\u00e1 a cabo del 11 al 13 de octubre en el centro [&hellip;]<\/p>\n","protected":false},"author":1,"featured_media":36268,"comment_status":"open","ping_status":"closed","sticky":false,"template":"","format":"standard","meta":{"footnotes":""},"categories":[19],"tags":[],"class_list":["post-36266","post","type-post","status-publish","format-standard","has-post-thumbnail","hentry","category-puebla"],"_links":{"self":[{"href":"https:\/\/solidaridadnews.com\/index.php?rest_route=\/wp\/v2\/posts\/36266","targetHints":{"allow":["GET"]}}],"collection":[{"href":"https:\/\/solidaridadnews.com\/index.php?rest_route=\/wp\/v2\/posts"}],"about":[{"href":"https:\/\/solidaridadnews.com\/index.php?rest_route=\/wp\/v2\/types\/post"}],"author":[{"embeddable":true,"href":"https:\/\/solidaridadnews.com\/index.php?rest_route=\/wp\/v2\/users\/1"}],"replies":[{"embeddable":true,"href":"https:\/\/solidaridadnews.com\/index.php?rest_route=%2Fwp%2Fv2%2Fcomments&post=36266"}],"version-history":[{"count":1,"href":"https:\/\/solidaridadnews.com\/index.php?rest_route=\/wp\/v2\/posts\/36266\/revisions"}],"predecessor-version":[{"id":36267,"href":"https:\/\/solidaridadnews.com\/index.php?rest_route=\/wp\/v2\/posts\/36266\/revisions\/36267"}],"wp:featuredmedia":[{"embeddable":true,"href":"https:\/\/solidaridadnews.com\/index.php?rest_route=\/wp\/v2\/media\/36268"}],"wp:attachment":[{"href":"https:\/\/solidaridadnews.com\/index.php?rest_route=%2Fwp%2Fv2%2Fmedia&parent=36266"}],"wp:term":[{"taxonomy":"category","embeddable":true,"href":"https:\/\/solidaridadnews.com\/index.php?rest_route=%2Fwp%2Fv2%2Fcategories&post=36266"},{"taxonomy":"post_tag","embeddable":true,"href":"https:\/\/solidaridadnews.com\/index.php?rest_route=%2Fwp%2Fv2%2Ftags&post=36266"}],"curies":[{"name":"wp","href":"https:\/\/api.w.org\/{rel}","templated":true}]}}