{"id":36263,"date":"2024-10-09T11:07:18","date_gmt":"2024-10-09T16:07:18","guid":{"rendered":"https:\/\/solidaridadnews.com\/?p=36263"},"modified":"2024-10-09T16:07:19","modified_gmt":"2024-10-09T16:07:19","slug":"brasil-celebra-pago-de-cuotas-de-x-permiten-acceso-a-mas-de-21-millones-de-usuarios","status":"publish","type":"post","link":"https:\/\/solidaridadnews.com\/?p=36263","title":{"rendered":"Brasil celebra pago de cuotas de X; permiten acceso a m\u00e1s de 21 millones de usuarios"},"content":{"rendered":"<p>\ud83d\udd38 El Ministro de Comunicaciones, afirm\u00f3 que es una victoria para el pa\u00eds que la red social haya pagado las multas de 5.2 millones de d\u00f3lares impuestas por la Corte Suprema<\/p>\n<p>#INTERNACIONAL | El Ministro de Comunicaciones de Brasil, Juscelino Filho, afirm\u00f3 ayer que \u201ces una victoria para el pa\u00eds\u201d que la red social X \u201cse haya adaptado a la legislaci\u00f3n\u201d y haya pagado las multas de 28.6 millones de reales (5.2 millones de d\u00f3lares) impuestas por la Corte Suprema.<\/p>\n<p>En un comunicado oficial, el funcionario afirm\u00f3 que, manteniendo el bloqueo, se le demostr\u00f3 al mundo que en Brasil las leyes deben ser respetadas \u201csin importar quien sea\u201d ya que es un pa\u00eds \u201csoberano\u201d.<\/p>\n<p>Asimismo, adelant\u00f3 que la Agencia Nacional de Telecomunicaciones tomar\u00e1 \u201ctodas las medidas necesarias\u201d para restablecer el servicio de la red social de Elon Musk \u201ctan pronto como sea notificada de la decisi\u00f3n del ministro Alexandre de Moraes\u201d, el magistrado responsable de la causa.<\/p>\n<p>Moraes solicit\u00f3 el desbloqueo de la plataforma y destac\u00f3 que este acceso est\u00e1 \u201ccondicionado\u201d al \u201ccumplimiento integral\u201d por parte de la red social de la legislaci\u00f3n brasile\u00f1a y a la \u201cabsoluta observancia\u201d de las decisiones judiciales sobre la eliminaci\u00f3n de perfiles acusados de difundir noticias falsas.<\/p>\n<p>Elon Musk se neg\u00f3 durante semanas a cumplir las \u00f3rdenes de eliminar perfiles y, tras recibir un ultim\u00e1tum por parte de De Moraes, anunci\u00f3 que cerraba la oficina de la red social en Brasil y que prescind\u00eda de la representaci\u00f3n legal en el pa\u00eds, pese a las exigencias de la ley brasile\u00f1a.<\/p>\n<p>Sin embargo, a finales de septiembre, tras el bloqueo de la plataforma a nivel nacional, el magnate dio marcha atr\u00e1s en sus provocaciones, nombr\u00f3 nuevamente representantes legales en el pa\u00eds y se avino a cumplir las \u00f3rdenes judiciales sobre la eliminaci\u00f3n de perfiles.<\/p>\n<p>La red social X \u201cest\u00e1 orgullosa de regresar a Brasil\u201d, inform\u00f3 en una publicaci\u00f3n la oficina de Asuntos Gubernamentales de la plataforma tras la noticia de su desbloqueo en todo el territorio brasile\u00f1o.<\/p>\n<p>El breve comunicado, que representa la primera manifestaci\u00f3n oficial por parte de X luego de conocerse la resoluci\u00f3n judicial, fue publicado en la misma red social y aclar\u00f3 que, durante todo el proceso, lo \u201cprimordial\u201d fue restablecer el acceso de su \u201cindispensable\u201d plataforma a \u201cdecenas de millones de brasile\u00f1os\u201d y que continuar\u00e1n \u201cdefendiendo la libertad de expresi\u00f3n dentro de los l\u00edmites de la ley\u201d.<\/p>\n","protected":false},"excerpt":{"rendered":"<p>\ud83d\udd38 El Ministro de Comunicaciones, afirm\u00f3 que es una victoria para el pa\u00eds que la red social haya pagado las multas de 5.2 millones de d\u00f3lares impuestas por la Corte Suprema #INTERNACIONAL | El Ministro de Comunicaciones de Brasil, Juscelino Filho, afirm\u00f3 ayer que \u201ces una victoria para el pa\u00eds\u201d que la red social X [&hellip;]<\/p>\n","protected":false},"author":1,"featured_media":36265,"comment_status":"open","ping_status":"closed","sticky":false,"template":"","format":"standard","meta":{"footnotes":""},"categories":[9],"tags":[],"class_list":["post-36263","post","type-post","status-publish","format-standard","has-post-thumbnail","hentry","category-internacional"],"_links":{"self":[{"href":"https:\/\/solidaridadnews.com\/index.php?rest_route=\/wp\/v2\/posts\/36263","targetHints":{"allow":["GET"]}}],"collection":[{"href":"https:\/\/solidaridadnews.com\/index.php?rest_route=\/wp\/v2\/posts"}],"about":[{"href":"https:\/\/solidaridadnews.com\/index.php?rest_route=\/wp\/v2\/types\/post"}],"author":[{"embeddable":true,"href":"https:\/\/solidaridadnews.com\/index.php?rest_route=\/wp\/v2\/users\/1"}],"replies":[{"embeddable":true,"href":"https:\/\/solidaridadnews.com\/index.php?rest_route=%2Fwp%2Fv2%2Fcomments&post=36263"}],"version-history":[{"count":1,"href":"https:\/\/solidaridadnews.com\/index.php?rest_route=\/wp\/v2\/posts\/36263\/revisions"}],"predecessor-version":[{"id":36264,"href":"https:\/\/solidaridadnews.com\/index.php?rest_route=\/wp\/v2\/posts\/36263\/revisions\/36264"}],"wp:featuredmedia":[{"embeddable":true,"href":"https:\/\/solidaridadnews.com\/index.php?rest_route=\/wp\/v2\/media\/36265"}],"wp:attachment":[{"href":"https:\/\/solidaridadnews.com\/index.php?rest_route=%2Fwp%2Fv2%2Fmedia&parent=36263"}],"wp:term":[{"taxonomy":"category","embeddable":true,"href":"https:\/\/solidaridadnews.com\/index.php?rest_route=%2Fwp%2Fv2%2Fcategories&post=36263"},{"taxonomy":"post_tag","embeddable":true,"href":"https:\/\/solidaridadnews.com\/index.php?rest_route=%2Fwp%2Fv2%2Ftags&post=36263"}],"curies":[{"name":"wp","href":"https:\/\/api.w.org\/{rel}","templated":true}]}}