{"id":36254,"date":"2024-10-08T13:53:55","date_gmt":"2024-10-08T18:53:55","guid":{"rendered":"https:\/\/solidaridadnews.com\/?p=36254"},"modified":"2024-10-08T18:53:56","modified_gmt":"2024-10-08T18:53:56","slug":"alma-rosa-de-la-vega-asiste-a-inauguracion-de-exposicion-presencia-del-che-guevara","status":"publish","type":"post","link":"https:\/\/solidaridadnews.com\/?p=36254","title":{"rendered":"Alma Rosa de la Vega asiste a inauguraci\u00f3n de exposici\u00f3n \u00abPresencia del Che Guevara\u00bb"},"content":{"rendered":"<p>\ud83d\udd38 La legisladora destac\u00f3 la importancia de recordar a figuras como el revolucionario, quienes han luchado incansablemente por la paz y la justicia<\/p>\n<p>#GUANAJUATO | La Diputada Alma Rosa de la Vega, representante del distrito federal 2 de Guanajuato, tuvo el honor de acompa\u00f1ar a su colega, la diputada Ana Magdalena Rosales Cruz, en la inauguraci\u00f3n de la exposici\u00f3n \u00abPresencia del Che Guevara\u00bb.<\/p>\n<p>El evento cont\u00f3 con la participaci\u00f3n de destacados diplom\u00e1ticos, incluyendo al embajador de Cuba en M\u00e9xico, Marcos Rodr\u00edguez Costa, y al embajador de Bolivia en M\u00e9xico, Jos\u00e9 Crespo Fern\u00e1ndez.<\/p>\n<p>Durante la inauguraci\u00f3n, De la Vega destac\u00f3 la importancia de recordar a figuras como el Che Guevara, quienes han luchado incansablemente por la paz y la justicia. \u201cPersonas como el Che, que han dejado una huella profunda en la historia de la lucha social, merecen ser recordadas y celebradas\u201d, afirm\u00f3 la diputada.<\/p>\n<p>La exposici\u00f3n, que rinde homenaje a la vida y legado del ic\u00f3nico revolucionario argentino, busca fomentar la reflexi\u00f3n sobre temas de justicia social y derechos humanos. Con la participaci\u00f3n de embajadores y l\u00edderes locales, el evento se convierte en un punto de encuentro para discutir la relevancia del pensamiento del Che en la actualidad.<\/p>\n<p>Alma Rosa de la Vega reafirm\u00f3 su compromiso con los valores de justicia y equidad, instando a la comunidad a continuar promoviendo el di\u00e1logo y la memoria hist\u00f3rica como herramientas para construir un futuro m\u00e1s justo.<\/p>\n","protected":false},"excerpt":{"rendered":"<p>\ud83d\udd38 La legisladora destac\u00f3 la importancia de recordar a figuras como el revolucionario, quienes han luchado incansablemente por la paz y la justicia #GUANAJUATO | La Diputada Alma Rosa de la Vega, representante del distrito federal 2 de Guanajuato, tuvo el honor de acompa\u00f1ar a su colega, la diputada Ana Magdalena Rosales Cruz, en la [&hellip;]<\/p>\n","protected":false},"author":1,"featured_media":36256,"comment_status":"open","ping_status":"closed","sticky":false,"template":"","format":"standard","meta":{"footnotes":""},"categories":[37],"tags":[],"class_list":["post-36254","post","type-post","status-publish","format-standard","has-post-thumbnail","hentry","category-guanajuato"],"_links":{"self":[{"href":"https:\/\/solidaridadnews.com\/index.php?rest_route=\/wp\/v2\/posts\/36254","targetHints":{"allow":["GET"]}}],"collection":[{"href":"https:\/\/solidaridadnews.com\/index.php?rest_route=\/wp\/v2\/posts"}],"about":[{"href":"https:\/\/solidaridadnews.com\/index.php?rest_route=\/wp\/v2\/types\/post"}],"author":[{"embeddable":true,"href":"https:\/\/solidaridadnews.com\/index.php?rest_route=\/wp\/v2\/users\/1"}],"replies":[{"embeddable":true,"href":"https:\/\/solidaridadnews.com\/index.php?rest_route=%2Fwp%2Fv2%2Fcomments&post=36254"}],"version-history":[{"count":1,"href":"https:\/\/solidaridadnews.com\/index.php?rest_route=\/wp\/v2\/posts\/36254\/revisions"}],"predecessor-version":[{"id":36255,"href":"https:\/\/solidaridadnews.com\/index.php?rest_route=\/wp\/v2\/posts\/36254\/revisions\/36255"}],"wp:featuredmedia":[{"embeddable":true,"href":"https:\/\/solidaridadnews.com\/index.php?rest_route=\/wp\/v2\/media\/36256"}],"wp:attachment":[{"href":"https:\/\/solidaridadnews.com\/index.php?rest_route=%2Fwp%2Fv2%2Fmedia&parent=36254"}],"wp:term":[{"taxonomy":"category","embeddable":true,"href":"https:\/\/solidaridadnews.com\/index.php?rest_route=%2Fwp%2Fv2%2Fcategories&post=36254"},{"taxonomy":"post_tag","embeddable":true,"href":"https:\/\/solidaridadnews.com\/index.php?rest_route=%2Fwp%2Fv2%2Ftags&post=36254"}],"curies":[{"name":"wp","href":"https:\/\/api.w.org\/{rel}","templated":true}]}}