{"id":36245,"date":"2024-10-08T13:30:59","date_gmt":"2024-10-08T18:30:59","guid":{"rendered":"https:\/\/solidaridadnews.com\/?p=36245"},"modified":"2024-10-08T18:31:01","modified_gmt":"2024-10-08T18:31:01","slug":"ofrecen-curso-gratis-para-aprender-a-maquillarte-en-halloween-y-dia-de-muertos","status":"publish","type":"post","link":"https:\/\/solidaridadnews.com\/?p=36245","title":{"rendered":"Ofrecen curso gratis para aprender a maquillarte en Halloween y D\u00eda de Muertos"},"content":{"rendered":"<p>\ud83d\udd38 PILARES trae el taller \u201cDise\u00f1o del Horror y Pesadilla\u201d para volverte un experto en efectos especiales<\/p>\n<p>#CDMX | El Subsistema de Educaci\u00f3n Comunitaria PILARES, como parte de sus actividades de Autonom\u00eda Econ\u00f3mica, presenta el taller \u00abDise\u00f1o del Horror y Pesadilla\u00bb, que estar\u00e1 disponible hasta el 31 de octubre.<\/p>\n<p>Este taller est\u00e1 dirigido tanto a usuarios de los talleres de Dise\u00f1o de Imagen y Cosmetolog\u00eda como al p\u00fablico en general interesado en el maquillaje de efectos especiales, especialmente en el g\u00e9nero de terror, aprovechando que Halloween y D\u00eda de Muertos est\u00e1n cerca a celebrarse.<\/p>\n<p>Con una duraci\u00f3n de 20 horas de formaci\u00f3n pr\u00e1ctica, el taller tiene como objetivo principal ense\u00f1ar las t\u00e9cnicas necesarias para realizar maquillaje FX, utilizadas en la industria del cine, televisi\u00f3n y espect\u00e1culos. A trav\u00e9s de tres m\u00f3dulos te\u00f3rico-pr\u00e1cticos, los participantes aprender\u00e1n desde la historia del maquillaje de caracterizaci\u00f3n, hasta la creaci\u00f3n y ejecuci\u00f3n de sus propios dise\u00f1os.<\/p>\n<p>El primer m\u00f3dulo, \u00abAprendiendo \u00bfQu\u00e9 es el maquillaje de caracterizaci\u00f3n?\u00bb, introduce a los asistentes en la historia y fundamentos del maquillaje FX.<\/p>\n<p>El segundo m\u00f3dulo, \u00abConociendo m\u00e1s sobre el maquillaje FX\u00bb, profundiza en el uso de materiales y t\u00e9cnicas, adem\u00e1s de las normas de higiene para asegurar un trabajo profesional.<\/p>\n<p>Finalmente, el tercer m\u00f3dulo ofrece una pr\u00e1ctica intensiva, donde los participantes podr\u00e1n crear y caracterizar sus propios personajes, explorando al m\u00e1ximo su creatividad.<\/p>\n<p>Este taller, gratuito y dise\u00f1ado para potenciar las habilidades creativas de los asistentes, se lleva a cabo en casi 70 sedes PILARES de la Ciudad de M\u00e9xico, con la participaci\u00f3n de 100 talleristas y m\u00e1s de 9 mil usuarios.<\/p>\n","protected":false},"excerpt":{"rendered":"<p>\ud83d\udd38 PILARES trae el taller \u201cDise\u00f1o del Horror y Pesadilla\u201d para volverte un experto en efectos especiales #CDMX | El Subsistema de Educaci\u00f3n Comunitaria PILARES, como parte de sus actividades de Autonom\u00eda Econ\u00f3mica, presenta el taller \u00abDise\u00f1o del Horror y Pesadilla\u00bb, que estar\u00e1 disponible hasta el 31 de octubre. Este taller est\u00e1 dirigido tanto a [&hellip;]<\/p>\n","protected":false},"author":1,"featured_media":36247,"comment_status":"open","ping_status":"closed","sticky":false,"template":"","format":"standard","meta":{"footnotes":""},"categories":[16],"tags":[],"class_list":["post-36245","post","type-post","status-publish","format-standard","has-post-thumbnail","hentry","category-cdmx"],"_links":{"self":[{"href":"https:\/\/solidaridadnews.com\/index.php?rest_route=\/wp\/v2\/posts\/36245","targetHints":{"allow":["GET"]}}],"collection":[{"href":"https:\/\/solidaridadnews.com\/index.php?rest_route=\/wp\/v2\/posts"}],"about":[{"href":"https:\/\/solidaridadnews.com\/index.php?rest_route=\/wp\/v2\/types\/post"}],"author":[{"embeddable":true,"href":"https:\/\/solidaridadnews.com\/index.php?rest_route=\/wp\/v2\/users\/1"}],"replies":[{"embeddable":true,"href":"https:\/\/solidaridadnews.com\/index.php?rest_route=%2Fwp%2Fv2%2Fcomments&post=36245"}],"version-history":[{"count":1,"href":"https:\/\/solidaridadnews.com\/index.php?rest_route=\/wp\/v2\/posts\/36245\/revisions"}],"predecessor-version":[{"id":36246,"href":"https:\/\/solidaridadnews.com\/index.php?rest_route=\/wp\/v2\/posts\/36245\/revisions\/36246"}],"wp:featuredmedia":[{"embeddable":true,"href":"https:\/\/solidaridadnews.com\/index.php?rest_route=\/wp\/v2\/media\/36247"}],"wp:attachment":[{"href":"https:\/\/solidaridadnews.com\/index.php?rest_route=%2Fwp%2Fv2%2Fmedia&parent=36245"}],"wp:term":[{"taxonomy":"category","embeddable":true,"href":"https:\/\/solidaridadnews.com\/index.php?rest_route=%2Fwp%2Fv2%2Fcategories&post=36245"},{"taxonomy":"post_tag","embeddable":true,"href":"https:\/\/solidaridadnews.com\/index.php?rest_route=%2Fwp%2Fv2%2Ftags&post=36245"}],"curies":[{"name":"wp","href":"https:\/\/api.w.org\/{rel}","templated":true}]}}