{"id":36093,"date":"2024-10-01T11:58:08","date_gmt":"2024-10-01T16:58:08","guid":{"rendered":"https:\/\/solidaridadnews.com\/?p=36093"},"modified":"2024-10-01T16:58:26","modified_gmt":"2024-10-01T16:58:26","slug":"vestido-de-claudia-sheinbaum-para-su-investidura-bordado-a-mano-por-artesana-de-oaxaca","status":"publish","type":"post","link":"https:\/\/solidaridadnews.com\/?p=36093","title":{"rendered":"Vestido de Claudia Sheinbaum para su investidura, bordado a mano por artesana de Oaxaca"},"content":{"rendered":"<p>\ud83d\udd38 La artesana Claudia V\u00e1squez Aquino, dise\u00f1\u00f3 y elabor\u00f3 la prenda color marfil de la presidenta de M\u00e9xico<\/p>\n<p>#NACIONAL El vestido de Claudia Sheinbaum para su investidura como presidenta de M\u00e9xico es artesanal, bordado a mano y dise\u00f1ado especialmente para la ocasi\u00f3n.<\/p>\n<p>La pieza fue elaborada por Claudia V\u00e1squez Aquino, artesana de Santa Mar\u00eda Xadani, Oaxaca.<\/p>\n<p>El vestido fue dise\u00f1ado, trazado y bordado a mano con agua, adem\u00e1s de que el tejido es con ganchillo.<\/p>\n<p>En cuanto al dise\u00f1o, de color marfil con flores en varios colores y tama\u00f1os, busca reflejar la cultura ancestral de M\u00e9xico.<\/p>\n<p>No es la primera vez que Claudia Sheinbaum utiliza una prenda del taller Lari guie\u2019 Arte hecho moda, pues en ocasiones anteriores ha lucido un saco palo de rosa y uno color bugambilia, tambi\u00e9n elaborados por V\u00e1squez Aquino.<\/p>\n<p>&nbsp;<\/p>\n","protected":false},"excerpt":{"rendered":"<p>\ud83d\udd38 La artesana Claudia V\u00e1squez Aquino, dise\u00f1\u00f3 y elabor\u00f3 la prenda color marfil de la presidenta de M\u00e9xico #NACIONAL El vestido de Claudia Sheinbaum para su investidura como presidenta de M\u00e9xico es artesanal, bordado a mano y dise\u00f1ado especialmente para la ocasi\u00f3n. La pieza fue elaborada por Claudia V\u00e1squez Aquino, artesana de Santa Mar\u00eda Xadani, [&hellip;]<\/p>\n","protected":false},"author":1,"featured_media":36095,"comment_status":"open","ping_status":"closed","sticky":false,"template":"","format":"standard","meta":{"footnotes":""},"categories":[2],"tags":[],"class_list":["post-36093","post","type-post","status-publish","format-standard","has-post-thumbnail","hentry","category-nacional"],"_links":{"self":[{"href":"https:\/\/solidaridadnews.com\/index.php?rest_route=\/wp\/v2\/posts\/36093","targetHints":{"allow":["GET"]}}],"collection":[{"href":"https:\/\/solidaridadnews.com\/index.php?rest_route=\/wp\/v2\/posts"}],"about":[{"href":"https:\/\/solidaridadnews.com\/index.php?rest_route=\/wp\/v2\/types\/post"}],"author":[{"embeddable":true,"href":"https:\/\/solidaridadnews.com\/index.php?rest_route=\/wp\/v2\/users\/1"}],"replies":[{"embeddable":true,"href":"https:\/\/solidaridadnews.com\/index.php?rest_route=%2Fwp%2Fv2%2Fcomments&post=36093"}],"version-history":[{"count":1,"href":"https:\/\/solidaridadnews.com\/index.php?rest_route=\/wp\/v2\/posts\/36093\/revisions"}],"predecessor-version":[{"id":36094,"href":"https:\/\/solidaridadnews.com\/index.php?rest_route=\/wp\/v2\/posts\/36093\/revisions\/36094"}],"wp:featuredmedia":[{"embeddable":true,"href":"https:\/\/solidaridadnews.com\/index.php?rest_route=\/wp\/v2\/media\/36095"}],"wp:attachment":[{"href":"https:\/\/solidaridadnews.com\/index.php?rest_route=%2Fwp%2Fv2%2Fmedia&parent=36093"}],"wp:term":[{"taxonomy":"category","embeddable":true,"href":"https:\/\/solidaridadnews.com\/index.php?rest_route=%2Fwp%2Fv2%2Fcategories&post=36093"},{"taxonomy":"post_tag","embeddable":true,"href":"https:\/\/solidaridadnews.com\/index.php?rest_route=%2Fwp%2Fv2%2Ftags&post=36093"}],"curies":[{"name":"wp","href":"https:\/\/api.w.org\/{rel}","templated":true}]}}