{"id":35929,"date":"2024-09-24T11:59:32","date_gmt":"2024-09-24T16:59:32","guid":{"rendered":"https:\/\/solidaridadnews.com\/?p=35929"},"modified":"2024-09-24T16:59:33","modified_gmt":"2024-09-24T16:59:33","slug":"playstation-lanza-consola-y-controles-edicion-30-aniversario","status":"publish","type":"post","link":"https:\/\/solidaridadnews.com\/?p=35929","title":{"rendered":"PlayStation lanza consola y controles edici\u00f3n 30 aniversario"},"content":{"rendered":"<p>\ud83d\udd38 Las reservas comienzan el 26 de septiembre en mercados seleccionados a trav\u00e9s de direct.playstation.com. Aunque no hay confirmaci\u00f3n para M\u00e9xico, los productos podr\u00edan ser importados.<\/p>\n<p>#TECNOLOG\u00cdA | Sony PlayStation est\u00e1 lista para celebrar el 30 aniversario del lanzamiento de la primera consola de la marca japonesa y, para ello, han preparado una serie de art\u00edculos que pueden usarse en la PlayStation 5 que presentan toques retro reviviendo aquel momento de la historia de los videojuegos.<\/p>\n<p>Los dise\u00f1os son edici\u00f3n limitada y buscan recordar el lanzamiento del 3 de diciembre de 1994 y se podr\u00e1n disfrutar en varios productos.<\/p>\n<p>Uno de los m\u00e1s cotizados ser\u00e1 la consola PlayStation 5Pro versi\u00f3n 30 aniversario. Esta consola tendr\u00e1 un almacenamiento de 2 TB, Wi-Fi 7 en territorios que admitan este est\u00e1ndar y accesorios de edici\u00f3n limitada a juego: mando inal\u00e1mbrico DualSense, mando inal\u00e1mbrico DualSense Edge, estaci\u00f3n de carga DualSense y una funda de consola para una unidad de disco, aunque la unidad lectora no estar\u00e1 incluida.<\/p>\n<p>Una versi\u00f3n digital del PlayStation 5 edici\u00f3n 30 aniversario tambi\u00e9n estar\u00e1 disponible.<\/p>\n<p>El sistema PlayStation Portal Remote Player, as\u00ed como los controles de 30 aniversario estar\u00e1n a la venta a partir del 21 de noviembre.<\/p>\n<p>En el caso de la consola PlayStation 5Pro ser\u00e1 limitada a 12 mil 300 unidades.<\/p>\n<p>Los pa\u00edses que cuenten con direct.playstation.com se podr\u00e1n hacer reservas de estas unidades desde el 26 de septiembre.<\/p>\n<p>Por ahora no hay informaci\u00f3n oficial de la venta de Sony PlayStation 5 Pro edici\u00f3n 30 aniversario en M\u00e9xico.<\/p>\n<p>Sin embargo, siempre es posible importar estos productos, aunque por un costo mayor.<\/p>\n","protected":false},"excerpt":{"rendered":"<p>\ud83d\udd38 Las reservas comienzan el 26 de septiembre en mercados seleccionados a trav\u00e9s de direct.playstation.com. Aunque no hay confirmaci\u00f3n para M\u00e9xico, los productos podr\u00edan ser importados. #TECNOLOG\u00cdA | Sony PlayStation est\u00e1 lista para celebrar el 30 aniversario del lanzamiento de la primera consola de la marca japonesa y, para ello, han preparado una serie de [&hellip;]<\/p>\n","protected":false},"author":1,"featured_media":35931,"comment_status":"open","ping_status":"closed","sticky":false,"template":"","format":"standard","meta":{"footnotes":""},"categories":[8],"tags":[],"class_list":["post-35929","post","type-post","status-publish","format-standard","has-post-thumbnail","hentry","category-tecnologia"],"_links":{"self":[{"href":"https:\/\/solidaridadnews.com\/index.php?rest_route=\/wp\/v2\/posts\/35929","targetHints":{"allow":["GET"]}}],"collection":[{"href":"https:\/\/solidaridadnews.com\/index.php?rest_route=\/wp\/v2\/posts"}],"about":[{"href":"https:\/\/solidaridadnews.com\/index.php?rest_route=\/wp\/v2\/types\/post"}],"author":[{"embeddable":true,"href":"https:\/\/solidaridadnews.com\/index.php?rest_route=\/wp\/v2\/users\/1"}],"replies":[{"embeddable":true,"href":"https:\/\/solidaridadnews.com\/index.php?rest_route=%2Fwp%2Fv2%2Fcomments&post=35929"}],"version-history":[{"count":1,"href":"https:\/\/solidaridadnews.com\/index.php?rest_route=\/wp\/v2\/posts\/35929\/revisions"}],"predecessor-version":[{"id":35930,"href":"https:\/\/solidaridadnews.com\/index.php?rest_route=\/wp\/v2\/posts\/35929\/revisions\/35930"}],"wp:featuredmedia":[{"embeddable":true,"href":"https:\/\/solidaridadnews.com\/index.php?rest_route=\/wp\/v2\/media\/35931"}],"wp:attachment":[{"href":"https:\/\/solidaridadnews.com\/index.php?rest_route=%2Fwp%2Fv2%2Fmedia&parent=35929"}],"wp:term":[{"taxonomy":"category","embeddable":true,"href":"https:\/\/solidaridadnews.com\/index.php?rest_route=%2Fwp%2Fv2%2Fcategories&post=35929"},{"taxonomy":"post_tag","embeddable":true,"href":"https:\/\/solidaridadnews.com\/index.php?rest_route=%2Fwp%2Fv2%2Ftags&post=35929"}],"curies":[{"name":"wp","href":"https:\/\/api.w.org\/{rel}","templated":true}]}}