{"id":35854,"date":"2024-09-21T23:01:23","date_gmt":"2024-09-22T04:01:23","guid":{"rendered":"https:\/\/solidaridadnews.com\/?p=35854"},"modified":"2024-09-22T04:01:27","modified_gmt":"2024-09-22T04:01:27","slug":"pepe-aguilar-lanza-fuerte-indirecta-en-su-nueva-cancion-y-aseguran-que-es-para-christian-nodal","status":"publish","type":"post","link":"https:\/\/solidaridadnews.com\/?p=35854","title":{"rendered":"Pepe Aguilar lanza fuerte indirecta en su nueva canci\u00f3n y aseguran que es para Christian Nodal"},"content":{"rendered":"<p>\ud83d\udd38Y es que, en dicho tema se le escucha hacer referencia a Nodal al llamarle \u201cforajido\u201d, tal y como se ha denominado el mismo sonorense.<\/p>\n<p>#ESPECT\u00c1CULOS | Pepe Aguilar parece haber recibido muy bien a su yerno, Christian Nodal, luego de una medi\u00e1tica y controversial boda con su hija \u00c1ngela Aguilar a dos meses de haber terminado su relaci\u00f3n con Cazzu, la mam\u00e1 de su hija.<\/p>\n<p>Desde entonces, Nodal ha estado muy cerca de su esposa y de su familia, con quienes ha compartido importantes momentos, como el cumplea\u00f1os de su suegro, Pepe Aguilar, quien est\u00e1 por estrenar nueva m\u00fasica y al parecer, hay una indirecta para el mexicano.<\/p>\n<p>Fue a trav\u00e9s de la cuenta oficial de Pepe Aguilar que el mismo charro comparti\u00f3 un fragmento de su pr\u00f3xima canci\u00f3n, misma que aparentemente est\u00e1 dedicada al esposo de su hija \u00c1ngela, y es que, en dicho tema se le escucha hacer referencia a Nodal al llamarle \u201cforajido\u201d, cabe recordar que as\u00ed se ha denominado el mismo sonorense.<\/p>\n<p>Y es que a pesar de que Pepe Aguilar ha hablado bien de Christian Nodal e incluso se mostraron muy cercanos en su cumplea\u00f1os, todo parece indicar que tiene algo m\u00e1s que decirle, ya que en este primer vistazo de la canci\u00f3n, se puede escuchar: Voy a ser muy claro, haz las cosas bien, porque para forajidos, mijo, aqu\u00ed no es\u00bb<\/p>\n<p>El mensaje fue bastante claro, pues uno de los EP de Christian Nodal se titula \u00abForajido\u00bb y as\u00ed se ha autodenominado, adem\u00e1s de que ese mismo nombre lo us\u00f3 para una de sus giras, asimismo, Pepe concluye: Y s\u00e9 que es f\u00e1cil ser cabr*n, yo mismo estuve en esa situaci\u00f3n\u00bb<\/p>\n<p>Esto como un mensaje directo de que no sea mujeriego, ya que es su hija, \u00c1ngela Aguilar, con quien ahora m\u00e1s all\u00e1 de tener simplemente una relaci\u00f3n, tienen un compromiso y responsabilidad llamada matrimonio.<\/p>\n<p>Hasta el momento se desconoce por qu\u00e9 Pepe Aguilar habr\u00eda incluido este mensaje en su canci\u00f3n, pues todo parec\u00eda indicar que hab\u00eda cordialidad con su yerno, aunque tampoco se descarta de que est\u00e9 usando al mexicano como parte de una estrategia para promocionar su m\u00fasica.<\/p>\n","protected":false},"excerpt":{"rendered":"<p>\ud83d\udd38Y es que, en dicho tema se le escucha hacer referencia a Nodal al llamarle \u201cforajido\u201d, tal y como se ha denominado el mismo sonorense. #ESPECT\u00c1CULOS | Pepe Aguilar parece haber recibido muy bien a su yerno, Christian Nodal, luego de una medi\u00e1tica y controversial boda con su hija \u00c1ngela Aguilar a dos meses de [&hellip;]<\/p>\n","protected":false},"author":1,"featured_media":35856,"comment_status":"open","ping_status":"closed","sticky":false,"template":"","format":"standard","meta":{"footnotes":""},"categories":[3],"tags":[],"class_list":["post-35854","post","type-post","status-publish","format-standard","has-post-thumbnail","hentry","category-espectaculos"],"_links":{"self":[{"href":"https:\/\/solidaridadnews.com\/index.php?rest_route=\/wp\/v2\/posts\/35854","targetHints":{"allow":["GET"]}}],"collection":[{"href":"https:\/\/solidaridadnews.com\/index.php?rest_route=\/wp\/v2\/posts"}],"about":[{"href":"https:\/\/solidaridadnews.com\/index.php?rest_route=\/wp\/v2\/types\/post"}],"author":[{"embeddable":true,"href":"https:\/\/solidaridadnews.com\/index.php?rest_route=\/wp\/v2\/users\/1"}],"replies":[{"embeddable":true,"href":"https:\/\/solidaridadnews.com\/index.php?rest_route=%2Fwp%2Fv2%2Fcomments&post=35854"}],"version-history":[{"count":1,"href":"https:\/\/solidaridadnews.com\/index.php?rest_route=\/wp\/v2\/posts\/35854\/revisions"}],"predecessor-version":[{"id":35855,"href":"https:\/\/solidaridadnews.com\/index.php?rest_route=\/wp\/v2\/posts\/35854\/revisions\/35855"}],"wp:featuredmedia":[{"embeddable":true,"href":"https:\/\/solidaridadnews.com\/index.php?rest_route=\/wp\/v2\/media\/35856"}],"wp:attachment":[{"href":"https:\/\/solidaridadnews.com\/index.php?rest_route=%2Fwp%2Fv2%2Fmedia&parent=35854"}],"wp:term":[{"taxonomy":"category","embeddable":true,"href":"https:\/\/solidaridadnews.com\/index.php?rest_route=%2Fwp%2Fv2%2Fcategories&post=35854"},{"taxonomy":"post_tag","embeddable":true,"href":"https:\/\/solidaridadnews.com\/index.php?rest_route=%2Fwp%2Fv2%2Ftags&post=35854"}],"curies":[{"name":"wp","href":"https:\/\/api.w.org\/{rel}","templated":true}]}}