{"id":35845,"date":"2024-09-21T22:50:57","date_gmt":"2024-09-22T03:50:57","guid":{"rendered":"https:\/\/solidaridadnews.com\/?p=35845"},"modified":"2024-09-22T03:51:07","modified_gmt":"2024-09-22T03:51:07","slug":"planetas-eclipses-lluvias-de-meteoros-10-claves-astronomicas-del-otono-que-comienza-este-domingo","status":"publish","type":"post","link":"https:\/\/solidaridadnews.com\/?p=35845","title":{"rendered":"Planetas, eclipses, lluvias de meteoros&#8230;10 claves astron\u00f3micas del oto\u00f1o que comienza este domingo"},"content":{"rendered":"<p>\ud83d\udd38 Diez claves astron\u00f3micas que te ayudar\u00e1n a disfrutar de los cielos en la estaci\u00f3n de las cosechas.<\/p>\n<p>#ASTRONOM\u00cdA | El oto\u00f1o en el hemisferio norte (y la primavera en el sur) comenzar\u00e1 el domingo 22 de septiembre a las 14:44 hora peninsular (13:44 en Canarias).<\/p>\n<p>La primera luna llena de este oto\u00f1o tendr\u00e1 lugar el d\u00eda 17 de octubre en la constelaci\u00f3n de Piscis. Esta luna llena, la primera despu\u00e9s del equinoccio, suele denominarse &#8216;Luna de la cosecha&#8217;, pues la luz de este plenilunio permit\u00eda extender a la noche las labores de recolecci\u00f3n propias de esta \u00e9poca del a\u00f1o. Las otras dos lunas llenas de la estaci\u00f3n suceder\u00e1n el 15 de noviembre en Aries y el 15 de diciembre en Taurus.<\/p>\n<p>Los planetas gigantes dominar\u00e1n los cielos nocturnos del oto\u00f1o. Tanto J\u00fapiter, muy brillante, como Saturno, m\u00e1s discreto, ser\u00e1n visibles durante la mayor parte de la noche.<\/p>\n<p>Marte estar\u00e1 visible durante en la segunda parte de las noches oto\u00f1ales, cada d\u00eda durante un tiempo m\u00e1s largo. Alcanzar\u00e1 su oposici\u00f3n ya en el invierno: el 16 de enero de 2025, cuando se mostrar\u00e1 espl\u00e9ndido por estar plenamente iluminado por el Sol y muy cercano a la Tierra.<\/p>\n<p>Venus brillar\u00e1 tras el atardecer por el oeste, mientras que el escurridizo Mercurio aparecer\u00e1 en noviembre (del d\u00eda 15 al 25) tambi\u00e9n por el oeste en el crep\u00fasculo vespertino pero, como de costumbre, a muy baja elevaci\u00f3n. En la \u00faltima semana de la estaci\u00f3n, el peque\u00f1o Mercurio volver\u00e1 a hacer otra aparici\u00f3n, esta vez en los amaneceres.<\/p>\n<p>Este oto\u00f1o nos trae tan solo un eclipse. Ser\u00e1 un magn\u00edfico eclipse anular de sol que suceder\u00e1 el 2 de octubre, pero solo ser\u00e1 visible desde el Pac\u00edfico y el sur de Sudam\u00e9rica.<\/p>\n<p>Las lluvias de meteoros m\u00e1s sustanciosas del oto\u00f1o, las Le\u00f3nidas y las Gem\u00ednidas, tendr\u00e1n lugar en condiciones nada favorables para su observaci\u00f3n. En efecto, las Le\u00f3nidas alcanzar\u00e1n su m\u00e1xima actividad en torno al 17 de noviembre, dos d\u00edas tras el plenilunio; mientras que las Gem\u00ednidas tendr\u00e1n su m\u00e1ximo el 13 de diciembre, dos d\u00edas antes de la luna llena. As\u00ed pues, en ambos casos el m\u00e1ximo suceder\u00e1 con la luna gibosa sumamente iluminada que ser\u00e1 un estorbo para la observaci\u00f3n de los meteoros.<\/p>\n<p>El inicio del oto\u00f1o es la \u00e9poca en la que la noche gana terreno m\u00e1s r\u00e1pidamente al d\u00eda. Cada d\u00eda que pasa, las noches se hacen 3 minutos m\u00e1s largas.<\/p>\n<p>El horario de verano terminar\u00e1 el domingo 27 de octubre. Ese d\u00eda, a las 3h de la madrugada (2h en Canarias) tendremos que retrasar los relojes hasta las 2h (1h en Canarias). El cambio har\u00e1 que amanezca antes (en el horario oficial) y que las tardes nos parezcan m\u00e1s cortas.<\/p>\n<p>Este oto\u00f1o durar\u00e1 89 d\u00edas y 21 horas. Terminar\u00e1 el 21 de diciembre a las 11:21 (hora peninsular y de Baleares) dejando paso al invierno.<\/p>\n","protected":false},"excerpt":{"rendered":"<p>\ud83d\udd38 Diez claves astron\u00f3micas que te ayudar\u00e1n a disfrutar de los cielos en la estaci\u00f3n de las cosechas. #ASTRONOM\u00cdA | El oto\u00f1o en el hemisferio norte (y la primavera en el sur) comenzar\u00e1 el domingo 22 de septiembre a las 14:44 hora peninsular (13:44 en Canarias). La primera luna llena de este oto\u00f1o tendr\u00e1 lugar [&hellip;]<\/p>\n","protected":false},"author":1,"featured_media":35847,"comment_status":"open","ping_status":"closed","sticky":false,"template":"","format":"standard","meta":{"footnotes":""},"categories":[8],"tags":[],"class_list":["post-35845","post","type-post","status-publish","format-standard","has-post-thumbnail","hentry","category-tecnologia"],"_links":{"self":[{"href":"https:\/\/solidaridadnews.com\/index.php?rest_route=\/wp\/v2\/posts\/35845","targetHints":{"allow":["GET"]}}],"collection":[{"href":"https:\/\/solidaridadnews.com\/index.php?rest_route=\/wp\/v2\/posts"}],"about":[{"href":"https:\/\/solidaridadnews.com\/index.php?rest_route=\/wp\/v2\/types\/post"}],"author":[{"embeddable":true,"href":"https:\/\/solidaridadnews.com\/index.php?rest_route=\/wp\/v2\/users\/1"}],"replies":[{"embeddable":true,"href":"https:\/\/solidaridadnews.com\/index.php?rest_route=%2Fwp%2Fv2%2Fcomments&post=35845"}],"version-history":[{"count":1,"href":"https:\/\/solidaridadnews.com\/index.php?rest_route=\/wp\/v2\/posts\/35845\/revisions"}],"predecessor-version":[{"id":35846,"href":"https:\/\/solidaridadnews.com\/index.php?rest_route=\/wp\/v2\/posts\/35845\/revisions\/35846"}],"wp:featuredmedia":[{"embeddable":true,"href":"https:\/\/solidaridadnews.com\/index.php?rest_route=\/wp\/v2\/media\/35847"}],"wp:attachment":[{"href":"https:\/\/solidaridadnews.com\/index.php?rest_route=%2Fwp%2Fv2%2Fmedia&parent=35845"}],"wp:term":[{"taxonomy":"category","embeddable":true,"href":"https:\/\/solidaridadnews.com\/index.php?rest_route=%2Fwp%2Fv2%2Fcategories&post=35845"},{"taxonomy":"post_tag","embeddable":true,"href":"https:\/\/solidaridadnews.com\/index.php?rest_route=%2Fwp%2Fv2%2Ftags&post=35845"}],"curies":[{"name":"wp","href":"https:\/\/api.w.org\/{rel}","templated":true}]}}