{"id":35752,"date":"2024-09-19T11:03:33","date_gmt":"2024-09-19T16:03:33","guid":{"rendered":"https:\/\/solidaridadnews.com\/?p=35752"},"modified":"2024-09-19T16:03:34","modified_gmt":"2024-09-19T16:03:34","slug":"paola-rojas-fuera-de-televisa-ni-la-dejaron-despedirse-de-sus-amigas","status":"publish","type":"post","link":"https:\/\/solidaridadnews.com\/?p=35752","title":{"rendered":"\u00a1Paola Rojas fuera de Televisa!; Ni la dejaron despedirse de sus amigas"},"content":{"rendered":"<p>\ud83d\udd38 La periodista lamenta que ya no ser\u00e1 parte de \u2018Netas Divinas\u2019 ni de la empresa en la que estuvo 30 a\u00f1os<\/p>\n<p>#ESPECT\u00c1CULOS. Sin darle la oportunidad de despedirse, Televisa decidi\u00f3 sacar de sus filas a Paola Rojas luego de 30 a\u00f1os de trabajo, s\u00f3lo porque no le gust\u00f3 que hiciera otros proyectos a parte.<\/p>\n<p>Por medio de un video, la periodista cont\u00f3 que ni oportunidad tuvo de despedirse de sus compa\u00f1eras de \u2018Netas Divinas\u2019, programa con el cual se encari\u00f1\u00f3.<\/p>\n<p>\u201cEra una bendici\u00f3n que el trabajo fuera compartir un tiempo hermoso con amigas a las que adoro, eso es lo que m\u00e1s valoro de &#8216;Netas Divinas&#8217;, que me abri\u00f3 con ustedes caminos nuevos, de entendimiento, de empat\u00eda, pude mostrarme yo\u201d, detall\u00f3.<\/p>\n<p>La comunicadora tambi\u00e9n revel\u00f3 que a la empresa no le pareci\u00f3 los proyectos que tiene en puerta, as\u00ed que mejor decidi\u00f3 separarla, pero ante esto agradeci\u00f3 a la gente que la apoy\u00f3 por m\u00e1s de tres d\u00e9cadas.<\/p>\n<p>\u201cY ya de paso\u2026 ya que estamos en esto de las despedidas y de los agradecimientos. Agradezco much\u00edsimo a Televisa, una empresa en la que trabaje casi 30 a\u00f1os. Gracias a todos los que me abrieron puertas, a todos mis compa\u00f1eros\u2026 incluso a quienes me cerraron puertas\u201d, mencion\u00f3.<\/p>\n<p>Aunque no dijo cu\u00e1les ser\u00e1n sus futuros planes, ha trascendido que ser\u00e1 la titular de un noticiero matutino de Imagen Televisi\u00f3n e incluso ser\u00e1 el remplazo de Nacho Lozano, quien pasar\u00eda a dar las noticias por la noche ahora que salga Ciro Gomez Leyva.<\/p>\n","protected":false},"excerpt":{"rendered":"<p>\ud83d\udd38 La periodista lamenta que ya no ser\u00e1 parte de \u2018Netas Divinas\u2019 ni de la empresa en la que estuvo 30 a\u00f1os #ESPECT\u00c1CULOS. Sin darle la oportunidad de despedirse, Televisa decidi\u00f3 sacar de sus filas a Paola Rojas luego de 30 a\u00f1os de trabajo, s\u00f3lo porque no le gust\u00f3 que hiciera otros proyectos a parte. [&hellip;]<\/p>\n","protected":false},"author":1,"featured_media":35754,"comment_status":"open","ping_status":"closed","sticky":false,"template":"","format":"standard","meta":{"footnotes":""},"categories":[3],"tags":[],"class_list":["post-35752","post","type-post","status-publish","format-standard","has-post-thumbnail","hentry","category-espectaculos"],"_links":{"self":[{"href":"https:\/\/solidaridadnews.com\/index.php?rest_route=\/wp\/v2\/posts\/35752","targetHints":{"allow":["GET"]}}],"collection":[{"href":"https:\/\/solidaridadnews.com\/index.php?rest_route=\/wp\/v2\/posts"}],"about":[{"href":"https:\/\/solidaridadnews.com\/index.php?rest_route=\/wp\/v2\/types\/post"}],"author":[{"embeddable":true,"href":"https:\/\/solidaridadnews.com\/index.php?rest_route=\/wp\/v2\/users\/1"}],"replies":[{"embeddable":true,"href":"https:\/\/solidaridadnews.com\/index.php?rest_route=%2Fwp%2Fv2%2Fcomments&post=35752"}],"version-history":[{"count":1,"href":"https:\/\/solidaridadnews.com\/index.php?rest_route=\/wp\/v2\/posts\/35752\/revisions"}],"predecessor-version":[{"id":35753,"href":"https:\/\/solidaridadnews.com\/index.php?rest_route=\/wp\/v2\/posts\/35752\/revisions\/35753"}],"wp:featuredmedia":[{"embeddable":true,"href":"https:\/\/solidaridadnews.com\/index.php?rest_route=\/wp\/v2\/media\/35754"}],"wp:attachment":[{"href":"https:\/\/solidaridadnews.com\/index.php?rest_route=%2Fwp%2Fv2%2Fmedia&parent=35752"}],"wp:term":[{"taxonomy":"category","embeddable":true,"href":"https:\/\/solidaridadnews.com\/index.php?rest_route=%2Fwp%2Fv2%2Fcategories&post=35752"},{"taxonomy":"post_tag","embeddable":true,"href":"https:\/\/solidaridadnews.com\/index.php?rest_route=%2Fwp%2Fv2%2Ftags&post=35752"}],"curies":[{"name":"wp","href":"https:\/\/api.w.org\/{rel}","templated":true}]}}