{"id":35731,"date":"2024-09-18T12:24:36","date_gmt":"2024-09-18T17:24:36","guid":{"rendered":"https:\/\/solidaridadnews.com\/?p=35731"},"modified":"2024-09-18T17:24:37","modified_gmt":"2024-09-18T17:24:37","slug":"colonia-americana-de-guadalajara-se-perfila-para-convertirse-en-el-primer-barrio-magico-de-jalisco","status":"publish","type":"post","link":"https:\/\/solidaridadnews.com\/?p=35731","title":{"rendered":"Colonia Americana de Guadalajara se perfila para convertirse en el primer Barrio M\u00e1gico de Jalisco"},"content":{"rendered":"<p>\ud83d\udd38Este nombramiento se le otorga a sitios emblem\u00e1ticos donde se combinen elementos que los hagan \u00fanicos, como gastronom\u00eda, costumbres, tradiciones o leyendas.<\/p>\n<p>#JALISCO | Est\u00e1 previsto que Miguel Torruco Marqu\u00e9s, titular de la Secretar\u00eda de Turismo federal (Sectur), visite hoy Puerto Vallarta para entregar algunas certificaciones en el Aeropuerto, y donde tambi\u00e9n har\u00eda p\u00fablico el nombramiento de la Colonia Americana, de Guadalajara, como el primer Barrio M\u00e1gico del Estado.<\/p>\n<p>Barrios M\u00e1gicos de M\u00e9xico es un programa de la Sectur lanzado en septiembre del 2022 para complementar la oferta tur\u00edstica de Pueblos M\u00e1gicos.<\/p>\n<p>El nombramiento de un Barrio M\u00e1gico lo otorga la dependencia federal para reconocer sitios emblem\u00e1ticos donde se combinen elementos que los hagan \u00fanicos, como gastronom\u00eda, costumbres, tradiciones o leyendas.<br \/>\nActualmente hay 34 Barrios M\u00e1gicos en el Pa\u00eds, como Roma-Condesa, en la CDMX, o Barrio Antiguo, en Monterrey, y pueden acceder a beneficios como pintura de fachadas, promoci\u00f3n y capacitaci\u00f3n por parte de Sectur.<\/p>\n<p>En octubre del 2022, la revista Time Out ubic\u00f3 a la Colonia Americana en el primer sitio del ranking de los 51 barrios m\u00e1s \u00abcool\u00bb del mundo, basado en un sondeo a 20 mil habitantes de las principales ciudades del planeta.<\/p>\n<p>De la Americana, que abarca el pol\u00edgono que forman las Avenidas Chapultepec, Ni\u00f1os H\u00e9roes, Calzada Federalismo y la Calle Morelos, la revista reconoci\u00f3 su mezcla de casas \u00abart d\u00e9co\u00bb y neocl\u00e1sicas, el neog\u00f3tico Templo Expiatorio, bares, restaurantes, caf\u00e9s y vida nocturna.<\/p>\n","protected":false},"excerpt":{"rendered":"<p>\ud83d\udd38Este nombramiento se le otorga a sitios emblem\u00e1ticos donde se combinen elementos que los hagan \u00fanicos, como gastronom\u00eda, costumbres, tradiciones o leyendas. #JALISCO | Est\u00e1 previsto que Miguel Torruco Marqu\u00e9s, titular de la Secretar\u00eda de Turismo federal (Sectur), visite hoy Puerto Vallarta para entregar algunas certificaciones en el Aeropuerto, y donde tambi\u00e9n har\u00eda p\u00fablico el [&hellip;]<\/p>\n","protected":false},"author":1,"featured_media":35733,"comment_status":"open","ping_status":"closed","sticky":false,"template":"","format":"standard","meta":{"footnotes":""},"categories":[23],"tags":[],"class_list":["post-35731","post","type-post","status-publish","format-standard","has-post-thumbnail","hentry","category-jalisco"],"_links":{"self":[{"href":"https:\/\/solidaridadnews.com\/index.php?rest_route=\/wp\/v2\/posts\/35731","targetHints":{"allow":["GET"]}}],"collection":[{"href":"https:\/\/solidaridadnews.com\/index.php?rest_route=\/wp\/v2\/posts"}],"about":[{"href":"https:\/\/solidaridadnews.com\/index.php?rest_route=\/wp\/v2\/types\/post"}],"author":[{"embeddable":true,"href":"https:\/\/solidaridadnews.com\/index.php?rest_route=\/wp\/v2\/users\/1"}],"replies":[{"embeddable":true,"href":"https:\/\/solidaridadnews.com\/index.php?rest_route=%2Fwp%2Fv2%2Fcomments&post=35731"}],"version-history":[{"count":1,"href":"https:\/\/solidaridadnews.com\/index.php?rest_route=\/wp\/v2\/posts\/35731\/revisions"}],"predecessor-version":[{"id":35732,"href":"https:\/\/solidaridadnews.com\/index.php?rest_route=\/wp\/v2\/posts\/35731\/revisions\/35732"}],"wp:featuredmedia":[{"embeddable":true,"href":"https:\/\/solidaridadnews.com\/index.php?rest_route=\/wp\/v2\/media\/35733"}],"wp:attachment":[{"href":"https:\/\/solidaridadnews.com\/index.php?rest_route=%2Fwp%2Fv2%2Fmedia&parent=35731"}],"wp:term":[{"taxonomy":"category","embeddable":true,"href":"https:\/\/solidaridadnews.com\/index.php?rest_route=%2Fwp%2Fv2%2Fcategories&post=35731"},{"taxonomy":"post_tag","embeddable":true,"href":"https:\/\/solidaridadnews.com\/index.php?rest_route=%2Fwp%2Fv2%2Ftags&post=35731"}],"curies":[{"name":"wp","href":"https:\/\/api.w.org\/{rel}","templated":true}]}}