{"id":35716,"date":"2024-09-17T11:20:54","date_gmt":"2024-09-17T16:20:54","guid":{"rendered":"https:\/\/solidaridadnews.com\/?p=35716"},"modified":"2024-09-17T16:20:56","modified_gmt":"2024-09-17T16:20:56","slug":"alfonso-ramirez-cuellar-vamos-por-un-transformacion-profunda-al-poder-judicial","status":"publish","type":"post","link":"https:\/\/solidaridadnews.com\/?p=35716","title":{"rendered":"Alfonso Ram\u00edrez Cu\u00e9llar: Vamos por un transformaci\u00f3n profunda al Poder Judicial"},"content":{"rendered":"<p>\ud83d\udd38Debe garantizar justicia para quienes m\u00e1s la necesitan y cerrar la brecha de desigualdad entre las personas.<\/p>\n<p>#CDMX El diputado Alfonso Ram\u00edrez Cu\u00e9llar comparti\u00f3 en sus redes sociales que la transformaci\u00f3n en el Poder Judicial debe ser profunda para tener un sistema m\u00e1s justo, m\u00e1s transparente que defienda a los m\u00e1s vulnerables con firmeza.<\/p>\n<p>El legislador destac\u00f3 que la trasformaci\u00f3n profunda deber\u00e1 garantizar justicia para quienes m\u00e1s la necesitan y cerrar la brecha de desigualdad entre las personas.<\/p>\n<p>Asimismo, Ram\u00edrez Cu\u00e9llar comparti\u00f3 cuatro puntos para reformar la justicia cotidiana. Entre ellos: rescatar y fortalecer la formaci\u00f3n en la Escuela Judicial.<\/p>\n<p>Tambi\u00e9n garantizar los derechos y mejorar las condiciones laborales de los servidores del Poder Judicial, transformar los poderes locales y los cambios deben reflejarse en el sistema de defensor\u00eda p\u00fablica.<\/p>\n","protected":false},"excerpt":{"rendered":"<p>\ud83d\udd38Debe garantizar justicia para quienes m\u00e1s la necesitan y cerrar la brecha de desigualdad entre las personas. #CDMX El diputado Alfonso Ram\u00edrez Cu\u00e9llar comparti\u00f3 en sus redes sociales que la transformaci\u00f3n en el Poder Judicial debe ser profunda para tener un sistema m\u00e1s justo, m\u00e1s transparente que defienda a los m\u00e1s vulnerables con firmeza. El [&hellip;]<\/p>\n","protected":false},"author":1,"featured_media":35718,"comment_status":"open","ping_status":"closed","sticky":false,"template":"","format":"standard","meta":{"footnotes":""},"categories":[16],"tags":[],"class_list":["post-35716","post","type-post","status-publish","format-standard","has-post-thumbnail","hentry","category-cdmx"],"_links":{"self":[{"href":"https:\/\/solidaridadnews.com\/index.php?rest_route=\/wp\/v2\/posts\/35716","targetHints":{"allow":["GET"]}}],"collection":[{"href":"https:\/\/solidaridadnews.com\/index.php?rest_route=\/wp\/v2\/posts"}],"about":[{"href":"https:\/\/solidaridadnews.com\/index.php?rest_route=\/wp\/v2\/types\/post"}],"author":[{"embeddable":true,"href":"https:\/\/solidaridadnews.com\/index.php?rest_route=\/wp\/v2\/users\/1"}],"replies":[{"embeddable":true,"href":"https:\/\/solidaridadnews.com\/index.php?rest_route=%2Fwp%2Fv2%2Fcomments&post=35716"}],"version-history":[{"count":1,"href":"https:\/\/solidaridadnews.com\/index.php?rest_route=\/wp\/v2\/posts\/35716\/revisions"}],"predecessor-version":[{"id":35717,"href":"https:\/\/solidaridadnews.com\/index.php?rest_route=\/wp\/v2\/posts\/35716\/revisions\/35717"}],"wp:featuredmedia":[{"embeddable":true,"href":"https:\/\/solidaridadnews.com\/index.php?rest_route=\/wp\/v2\/media\/35718"}],"wp:attachment":[{"href":"https:\/\/solidaridadnews.com\/index.php?rest_route=%2Fwp%2Fv2%2Fmedia&parent=35716"}],"wp:term":[{"taxonomy":"category","embeddable":true,"href":"https:\/\/solidaridadnews.com\/index.php?rest_route=%2Fwp%2Fv2%2Fcategories&post=35716"},{"taxonomy":"post_tag","embeddable":true,"href":"https:\/\/solidaridadnews.com\/index.php?rest_route=%2Fwp%2Fv2%2Ftags&post=35716"}],"curies":[{"name":"wp","href":"https:\/\/api.w.org\/{rel}","templated":true}]}}