{"id":35713,"date":"2024-09-17T11:17:52","date_gmt":"2024-09-17T16:17:52","guid":{"rendered":"https:\/\/solidaridadnews.com\/?p=35713"},"modified":"2024-09-17T16:17:53","modified_gmt":"2024-09-17T16:17:53","slug":"fuerzas-armadas-se-dicen-listas-para-tener-a-la-primera-presidenta-de-mexico","status":"publish","type":"post","link":"https:\/\/solidaridadnews.com\/?p=35713","title":{"rendered":"Fuerzas Armadas se dicen listas para tener a la primera presidenta de M\u00e9xico"},"content":{"rendered":"<p>\ud83d\udd38 El secretario de la Defensa Nacional, Luis Cresencio Sandoval, manifest\u00f3 a los mexicanos que los soldados, \u201ccomo nunca\u201d, se encuentran en la disposici\u00f3n de seguir cumpliendo con las instrucciones que \u201cgu\u00ede nuestra futura comandante suprema en beneficio del pueblo\u201d.<\/p>\n<p>#NACIONAL. El secretario de la Defensa Nacional, Luis Cresencio Sandoval, y el titular de la Secretar\u00eda de la Marina (Semar), Rafael Ojeda Dur\u00e1n, expresaron estar preparados para los retos que se presenten en la pr\u00f3xima administraci\u00f3n y que est\u00e1n listos para tener a la primera presidenta de M\u00e9xico.<\/p>\n<p>En el marco del Desfile C\u00edvico Militar de este 16 de septiembre, el secretario de Marina destac\u00f3 no solo los logros de la Secretar\u00eda de Marina durante la actual administraci\u00f3n, sino tambi\u00e9n la importancia del cambio hist\u00f3rico que se avecina, con la llegada de la primera mujer a la presidencia de M\u00e9xico, Claudia Sheinbaum.<\/p>\n<p>\u201cEn tanto, la Secretar\u00eda de Marina Armada de M\u00e9xico celebra el hecho y otorga la demostraci\u00f3n de respeto y subordinaci\u00f3n a quien ser\u00e1 nuestra comandante suprema de las Fuerzas Armadas. Amparados bajo los ideales independentistas, continuaremos forjando nuestro cap\u00edtulo de la historia nacional en el mar, en el aire y en la tierra, para contribuir a llevar a M\u00e9xico por el sendero de la paz, la seguridad, la democracia, la libertad y, sobre todo, por la justicia\u201d, explic\u00f3 el titular de la dependencia durante la conmemoraci\u00f3n del 214 aniversario del inicio la Independencia de M\u00e9xico.<\/p>\n<p>Por su parte, el titular de la Sedena mencion\u00f3 que \u201cestamos a pocos d\u00edas de iniciar una nueva administraci\u00f3n y en el Ej\u00e9rcito y la Fuerza A\u00e9rea se encuentran preparados para los retos que se presenten. Es as\u00ed porque, con gran visi\u00f3n, desde el a\u00f1o 2022 de manera in\u00e9dita se desarroll\u00f3 un plan de mantenimiento de capacidades para cumplir eficientemente las misiones futuras\u201d.<\/p>\n<p>Tambi\u00e9n, durante su discurso, le manifest\u00f3 a los mexicanos que los soldados, \u201ccomo nunca\u201d, se encuentran en la disposici\u00f3n de seguir cumpliendo con las instrucciones que \u201cgu\u00ede nuestra futura comandante suprema en beneficio del pueblo de M\u00e9xico\u201d.<\/p>\n<p>\u201cLas tareas que realizamos no solo nos proporcionan la oportunidad de servirle al pa\u00eds, sino que adem\u00e1s fortalecen nuestro esp\u00edritu patrio. Tenemos la seguridad de que este sentimiento se contagia en esta fecha en toda la Rep\u00fablica y nos cubre como mexicanos con nuestra grandiosa bandera nacional\u201d, coment\u00f3 el titular de la Secretar\u00eda de la Defensa Nacional.<\/p>\n<p>Adem\u00e1s, destac\u00f3 la construcci\u00f3n de infraestructura estrat\u00e9gica a lo largo del pa\u00eds como una de las principales contribuciones de las Fuerzas Armadas al desarrollo nacional. Entre las obras mencion\u00f3 el Aeropuerto Internacional Felipe \u00c1ngeles (AIFA), el Tren Maya y diversas instalaciones de la Agencia Nacional de Aduanas de M\u00e9xico.<\/p>\n<p>Tambi\u00e9n, el secretario destac\u00f3 el papel de la Sedena en la administraci\u00f3n de empresas productivas del Estado, as\u00ed como su apoyo para combatir el robo de hidrocarburos, un il\u00edcito que se ha logrado reducir en un 94 por ciento.<\/p>\n<p>En t\u00e9rminos de seguridad, resalt\u00f3 la relevancia de la Guardia Nacional, con m\u00e1s de 130 mil efectivos y cerca de 600 instalaciones, consolid\u00e1ndose como una instituci\u00f3n de confianza para los mexicanos en apenas cinco a\u00f1os de existencia<\/p>\n","protected":false},"excerpt":{"rendered":"<p>\ud83d\udd38 El secretario de la Defensa Nacional, Luis Cresencio Sandoval, manifest\u00f3 a los mexicanos que los soldados, \u201ccomo nunca\u201d, se encuentran en la disposici\u00f3n de seguir cumpliendo con las instrucciones que \u201cgu\u00ede nuestra futura comandante suprema en beneficio del pueblo\u201d. #NACIONAL. El secretario de la Defensa Nacional, Luis Cresencio Sandoval, y el titular de la [&hellip;]<\/p>\n","protected":false},"author":1,"featured_media":35715,"comment_status":"open","ping_status":"closed","sticky":false,"template":"","format":"standard","meta":{"footnotes":""},"categories":[2],"tags":[],"class_list":["post-35713","post","type-post","status-publish","format-standard","has-post-thumbnail","hentry","category-nacional"],"_links":{"self":[{"href":"https:\/\/solidaridadnews.com\/index.php?rest_route=\/wp\/v2\/posts\/35713","targetHints":{"allow":["GET"]}}],"collection":[{"href":"https:\/\/solidaridadnews.com\/index.php?rest_route=\/wp\/v2\/posts"}],"about":[{"href":"https:\/\/solidaridadnews.com\/index.php?rest_route=\/wp\/v2\/types\/post"}],"author":[{"embeddable":true,"href":"https:\/\/solidaridadnews.com\/index.php?rest_route=\/wp\/v2\/users\/1"}],"replies":[{"embeddable":true,"href":"https:\/\/solidaridadnews.com\/index.php?rest_route=%2Fwp%2Fv2%2Fcomments&post=35713"}],"version-history":[{"count":1,"href":"https:\/\/solidaridadnews.com\/index.php?rest_route=\/wp\/v2\/posts\/35713\/revisions"}],"predecessor-version":[{"id":35714,"href":"https:\/\/solidaridadnews.com\/index.php?rest_route=\/wp\/v2\/posts\/35713\/revisions\/35714"}],"wp:featuredmedia":[{"embeddable":true,"href":"https:\/\/solidaridadnews.com\/index.php?rest_route=\/wp\/v2\/media\/35715"}],"wp:attachment":[{"href":"https:\/\/solidaridadnews.com\/index.php?rest_route=%2Fwp%2Fv2%2Fmedia&parent=35713"}],"wp:term":[{"taxonomy":"category","embeddable":true,"href":"https:\/\/solidaridadnews.com\/index.php?rest_route=%2Fwp%2Fv2%2Fcategories&post=35713"},{"taxonomy":"post_tag","embeddable":true,"href":"https:\/\/solidaridadnews.com\/index.php?rest_route=%2Fwp%2Fv2%2Ftags&post=35713"}],"curies":[{"name":"wp","href":"https:\/\/api.w.org\/{rel}","templated":true}]}}