{"id":35683,"date":"2024-09-14T14:00:21","date_gmt":"2024-09-14T19:00:21","guid":{"rendered":"https:\/\/solidaridadnews.com\/?p=35683"},"modified":"2024-09-15T06:22:45","modified_gmt":"2024-09-15T06:22:45","slug":"la-planta-ideal-para-cultivar-en-otono-excelente-para-principiantes-en-la-jardineria","status":"publish","type":"post","link":"https:\/\/solidaridadnews.com\/?p=35683","title":{"rendered":"La planta ideal para cultivar en oto\u00f1o, excelente para principiantes en la jardiner\u00eda"},"content":{"rendered":"<p>\ud83d\udd38Uno de los principales cultivos que son ideales para iniciar en oto\u00f1o y que adem\u00e1s promete ser ideal para los primerizos en la jardiner\u00eda, es el ajo<\/p>\n<p>#NACIONAL | El oto\u00f1o es una estaci\u00f3n de transici\u00f3n m\u00e1gica, donde el calor del verano da paso a temperaturas m\u00e1s frescas y el paisaje se ti\u00f1e de tonos dorados y rojizos. Este cambio estacional no solo transforma el entorno natural, sino que tambi\u00e9n impacta profundamente en las plantas y cultivos.<\/p>\n<p>En los jardines y huertos, el oto\u00f1o es el momento ideal para plantar ciertos cultivos que prosperan en climas m\u00e1s frescos. Verduras como la col rizada, las espinacas y las zanahorias se benefician del clima oto\u00f1al, ya que las temperaturas frescas pueden mejorar su sabor y textura.<\/p>\n<p>\u00bfC\u00f3mo plantar ajo en oto\u00f1o?<br \/>\nPero uno de los principales cultivos que son ideales para iniciar en oto\u00f1o y que adem\u00e1s promete ser ideal para los primerizos en la jardiner\u00eda, es el ajo, una planta herb\u00e1cea que pertenece a la familia de las Lili\u00e1ceas. Es conocido por su bulbo subterr\u00e1neo, que es ampliamente utilizado como condimento en la cocina y tambi\u00e9n tiene una larga historia de uso en medicina tradicional.<\/p>\n<p>Entres las principales caracter\u00edsticas que tiene el ajo es que su forma de bulbo est\u00e1 compuesto por varios dientes o segmentos, que son las partes comestibles de la planta. Cada diente est\u00e1 cubierto por una piel fina y papir\u00e1cea. Cuando se rompe el bulbo, se libera un aroma caracter\u00edstico y potente.<\/p>\n<p>El ajo es un ingrediente fundamental en muchas cocinas del mundo pues se utiliza tanto fresco como seco, y su sabor puede variar desde suave y dulce hasta fuerte y picante, dependiendo de c\u00f3mo se prepare. Es com\u00fan en salsas, sopas, adobos y como condimento para carnes y vegetales.<\/p>\n<p>Adem\u00e1s, el ajo ha sido valorado por sus posibles propiedades medicinales. Se le atribuyen beneficios para la salud cardiovascular, debido a sus compuestos activos como la alicina, que puede ayudar a reducir la presi\u00f3n arterial y el colesterol. Adem\u00e1s, el ajo tiene propiedades antibacterianas, antivirales y antioxidantes.<\/p>\n<p>\u00bfC\u00f3mo cultivar ajo?<br \/>\nEl ajo tienen la gran ventaja de poder crecer y desarrollarse a partir de un bulbo no maduro, pero incluso algunos que ya han tenido un largo tiempo de corte, puede servir a manera de reproducci\u00f3n. Para poder cultivar en casa el ajo, lo que hacer primero es desprender los dientes del bulbo, pero no quites la piel que los recubre. Cada diente se convertir\u00e1 en un nuevo bulbo.<\/p>\n<p>Aseg\u00farate de que los dientes est\u00e9n firmes y sin signos de enfermedad. Puedes dejarlos reposar en un lugar fresco y seco durante unos d\u00edas para que se \u201cendurezan\u201d y se preparen para la siembra. Si vas a cultivar ajo en una maceta, es importante que estas tengan una profundidad de al menos 15 o 20 cent\u00edmetros.<\/p>\n<p>Es importante mantener el suelo o tierra ligeramente h\u00famedos. No riegues en exceso, ya que el ajo prefiere un suelo que drene bien. Coloca la maceta en un lugar donde reciba al menos seis u ocho horas de luz solar directa al d\u00eda. Si no tienes suficiente luz natural, considera usar luces de crecimiento.<\/p>\n<p>Si sigues estos consejos, el ajo estar\u00e1 listo para cosechar cuando las hojas comienzan a ponerse amarillas y secas, lo que suele ocurrir en verano, si lo iniciaste en oto\u00f1o, aproximadamente 8-9 meses despu\u00e9s de la plantaci\u00f3n.<\/p>\n","protected":false},"excerpt":{"rendered":"<p>\ud83d\udd38Uno de los principales cultivos que son ideales para iniciar en oto\u00f1o y que adem\u00e1s promete ser ideal para los primerizos en la jardiner\u00eda, es el ajo #NACIONAL | El oto\u00f1o es una estaci\u00f3n de transici\u00f3n m\u00e1gica, donde el calor del verano da paso a temperaturas m\u00e1s frescas y el paisaje se ti\u00f1e de tonos [&hellip;]<\/p>\n","protected":false},"author":1,"featured_media":35685,"comment_status":"open","ping_status":"closed","sticky":false,"template":"","format":"standard","meta":{"footnotes":""},"categories":[2],"tags":[],"class_list":["post-35683","post","type-post","status-publish","format-standard","has-post-thumbnail","hentry","category-nacional"],"_links":{"self":[{"href":"https:\/\/solidaridadnews.com\/index.php?rest_route=\/wp\/v2\/posts\/35683","targetHints":{"allow":["GET"]}}],"collection":[{"href":"https:\/\/solidaridadnews.com\/index.php?rest_route=\/wp\/v2\/posts"}],"about":[{"href":"https:\/\/solidaridadnews.com\/index.php?rest_route=\/wp\/v2\/types\/post"}],"author":[{"embeddable":true,"href":"https:\/\/solidaridadnews.com\/index.php?rest_route=\/wp\/v2\/users\/1"}],"replies":[{"embeddable":true,"href":"https:\/\/solidaridadnews.com\/index.php?rest_route=%2Fwp%2Fv2%2Fcomments&post=35683"}],"version-history":[{"count":1,"href":"https:\/\/solidaridadnews.com\/index.php?rest_route=\/wp\/v2\/posts\/35683\/revisions"}],"predecessor-version":[{"id":35684,"href":"https:\/\/solidaridadnews.com\/index.php?rest_route=\/wp\/v2\/posts\/35683\/revisions\/35684"}],"wp:featuredmedia":[{"embeddable":true,"href":"https:\/\/solidaridadnews.com\/index.php?rest_route=\/wp\/v2\/media\/35685"}],"wp:attachment":[{"href":"https:\/\/solidaridadnews.com\/index.php?rest_route=%2Fwp%2Fv2%2Fmedia&parent=35683"}],"wp:term":[{"taxonomy":"category","embeddable":true,"href":"https:\/\/solidaridadnews.com\/index.php?rest_route=%2Fwp%2Fv2%2Fcategories&post=35683"},{"taxonomy":"post_tag","embeddable":true,"href":"https:\/\/solidaridadnews.com\/index.php?rest_route=%2Fwp%2Fv2%2Ftags&post=35683"}],"curies":[{"name":"wp","href":"https:\/\/api.w.org\/{rel}","templated":true}]}}