{"id":35630,"date":"2024-09-12T10:42:19","date_gmt":"2024-09-12T15:42:19","guid":{"rendered":"https:\/\/solidaridadnews.com\/?p=35630"},"modified":"2024-09-12T15:42:20","modified_gmt":"2024-09-12T15:42:20","slug":"juez-califica-a-exmagnate-como-depredador-sexual-y-le-da-11-anos-de-carcel","status":"publish","type":"post","link":"https:\/\/solidaridadnews.com\/?p=35630","title":{"rendered":"Juez califica a exmagnate como &#8216;depredador sexual&#8217; y le da 11 a\u00f1os de c\u00e1rcel"},"content":{"rendered":"<p>\ud83d\udd38 Peter Nygard, exfundador de una renombrada marca de moda en Canad\u00e1, recibe una sentencia, pero podr\u00eda salir en seis a\u00f1os si se le concede libertad bajo fianza<\/p>\n<p>#ESPECT\u00c1CULOS. Peter Nygard, fundador de una de la marcas de moda m\u00e1s grandes de Canad\u00e1, fue sentenciado el lunes en Toronto a 11 a\u00f1os de prisi\u00f3n por cuatro cargos de agresi\u00f3n sexual contra tres mujeres y una menor.<\/p>\n<p>Podr\u00eda ser liberado en aproximadamente seis a\u00f1os y medio descontando el tiempo que ya pas\u00f3 en detenci\u00f3n preventiva, o antes, en caso de obtener la libertad bajo fianza.<\/p>\n<p>El hombre, de 83 a\u00f1os, es \u00abuna historia de \u00e9xito canadiense que termin\u00f3 bastante mal\u00bb, dijo el juez de la corte superior de Ontario Robert Goldstein en la lectura de la sentencia.<\/p>\n<p>Al calificarlo de \u00abdepredador sexual\u00bb, el juez se\u00f1al\u00f3 que \u00abel se\u00f1or Nygard utiliz\u00f3 su fortuna, poder y perfil para aprovecharse de sus v\u00edctimas\u00bb.<\/p>\n<p>Cubierto con una capucha negra y una visera improvisada para ocultar sus ojos en el tribunal, Nygard no pareci\u00f3 reaccionar al dictamen judicial.<\/p>\n<p>Gerri Wiebe, su abogado, dijo que apelar\u00e1 la sentencia mientras \u00abmantiene su inocencia\u00bb en los otros casos criminales pendientes en su contra.<\/p>\n<p>A las afueras del tribunal en Toronto, el vocero de una de las v\u00edctimas de Nygard, cuyas identidades est\u00e1n protegidas por una orden de la corte, ley\u00f3 una declaraci\u00f3n de su parte.<\/p>\n<p>\u00abHicimos esto para asegurarnos de que cada v\u00edctima de agresi\u00f3n sexual recordar\u00e1 este juicio y tendr\u00e1 fuerza y confianza para denunciar y no sentirse amenazada por el estatus social o la fortuna\u00bb del agresor, dec\u00eda la nota.<\/p>\n<p>El fiscal Neville Golwalla elogi\u00f3 el valor de las denunciantes al destacar que pasar por este dif\u00edcil caso penal \u00abrequiere otro nivel de coraje\u00bb.<\/p>\n<p>La fiscal\u00eda hab\u00eda pedido para Nygard al menos 15 a\u00f1os de c\u00e1rcel, mientras que su defensa pidi\u00f3 que se le liberara en dos a\u00f1os, citando su edad avanzada y un precario estado de salud.<\/p>\n<p>Nygard fue condenado en noviembre de 2023 por usar su cargo como jefe de una de las mayores empresas de ropa en Canad\u00e1 para agredir sexualmente a tres mujeres y a una adolescente de 16 a\u00f1os entre 1988 y 2005.<\/p>\n<p>En su sentencia, el juez destac\u00f3 el alto nivel de \u00abviolencia, degradaci\u00f3n y (la) duraci\u00f3n de estas agresiones sexuales, (as\u00ed como) las manipulaciones usadas para llevar a las v\u00edctimas a (su) apartamento privado\u00bb en Toronto.<\/p>\n","protected":false},"excerpt":{"rendered":"<p>\ud83d\udd38 Peter Nygard, exfundador de una renombrada marca de moda en Canad\u00e1, recibe una sentencia, pero podr\u00eda salir en seis a\u00f1os si se le concede libertad bajo fianza #ESPECT\u00c1CULOS. Peter Nygard, fundador de una de la marcas de moda m\u00e1s grandes de Canad\u00e1, fue sentenciado el lunes en Toronto a 11 a\u00f1os de prisi\u00f3n por [&hellip;]<\/p>\n","protected":false},"author":1,"featured_media":35632,"comment_status":"open","ping_status":"closed","sticky":false,"template":"","format":"standard","meta":{"footnotes":""},"categories":[3],"tags":[],"class_list":["post-35630","post","type-post","status-publish","format-standard","has-post-thumbnail","hentry","category-espectaculos"],"_links":{"self":[{"href":"https:\/\/solidaridadnews.com\/index.php?rest_route=\/wp\/v2\/posts\/35630","targetHints":{"allow":["GET"]}}],"collection":[{"href":"https:\/\/solidaridadnews.com\/index.php?rest_route=\/wp\/v2\/posts"}],"about":[{"href":"https:\/\/solidaridadnews.com\/index.php?rest_route=\/wp\/v2\/types\/post"}],"author":[{"embeddable":true,"href":"https:\/\/solidaridadnews.com\/index.php?rest_route=\/wp\/v2\/users\/1"}],"replies":[{"embeddable":true,"href":"https:\/\/solidaridadnews.com\/index.php?rest_route=%2Fwp%2Fv2%2Fcomments&post=35630"}],"version-history":[{"count":1,"href":"https:\/\/solidaridadnews.com\/index.php?rest_route=\/wp\/v2\/posts\/35630\/revisions"}],"predecessor-version":[{"id":35631,"href":"https:\/\/solidaridadnews.com\/index.php?rest_route=\/wp\/v2\/posts\/35630\/revisions\/35631"}],"wp:featuredmedia":[{"embeddable":true,"href":"https:\/\/solidaridadnews.com\/index.php?rest_route=\/wp\/v2\/media\/35632"}],"wp:attachment":[{"href":"https:\/\/solidaridadnews.com\/index.php?rest_route=%2Fwp%2Fv2%2Fmedia&parent=35630"}],"wp:term":[{"taxonomy":"category","embeddable":true,"href":"https:\/\/solidaridadnews.com\/index.php?rest_route=%2Fwp%2Fv2%2Fcategories&post=35630"},{"taxonomy":"post_tag","embeddable":true,"href":"https:\/\/solidaridadnews.com\/index.php?rest_route=%2Fwp%2Fv2%2Ftags&post=35630"}],"curies":[{"name":"wp","href":"https:\/\/api.w.org\/{rel}","templated":true}]}}