{"id":35612,"date":"2024-09-11T11:32:18","date_gmt":"2024-09-11T16:32:18","guid":{"rendered":"https:\/\/solidaridadnews.com\/?p=35612"},"modified":"2024-09-11T16:32:19","modified_gmt":"2024-09-11T16:32:19","slug":"vemos-apertura-en-transformacion-digital-del-gobierno-oracle-mexico","status":"publish","type":"post","link":"https:\/\/solidaridadnews.com\/?p=35612","title":{"rendered":"Vemos apertura en transformaci\u00f3n digital del gobierno: Oracle M\u00e9xico"},"content":{"rendered":"<p>\ud83d\udd38 La compa\u00f1\u00eda detecta una mayor disposici\u00f3n de la pr\u00f3xima administraci\u00f3n para adoptar tecnolog\u00edas digitales y optimizar servicios p\u00fablicos clave.<\/p>\n<p>#NACIONAL. Las Vegas, Ne. Oracle M\u00e9xico observa una oportunidad de crecimiento en el sector p\u00fablico mexicano, gracias a una mayor apertura de la pr\u00f3xima administraci\u00f3n de Claudia Sheinbaum hacia la transformaci\u00f3n digital. Bajo el liderazgo de Maribel Dos Santos, directora general de Oracle en el pa\u00eds, la empresa tecnol\u00f3gica ha identificado un cambio positivo en la disposici\u00f3n de las autoridades mexicanas para adoptar soluciones tecnol\u00f3gicas avanzadas que optimicen la gesti\u00f3n p\u00fablica y los servicios al ciudadano.<\/p>\n<p>\u201cEstamos percibiendo una mayor apertura hacia todo lo que significa transformaci\u00f3n digital, no solo en el \u00e1mbito federal, sino tambi\u00e9n a nivel estatal\u201d, dijo Dos Santos en entrevista con El Economista durante el Oracle Cloudworld que se lleva a cabo en Las Vegas, Nevada, del 9 al 11 de septiembre.<\/p>\n<p>Oracle espera que el nuevo gobierno, en conjunto con la industria privada, impulse iniciativas que aborden problemas nacionales, como la mejora de procesos en energ\u00eda, agua, aduanas y recaudaci\u00f3n de impuestos, lo que facilitar\u00e1 la incorporaci\u00f3n de tecnolog\u00edas digitales de manera m\u00e1s eficiente en la administraci\u00f3n p\u00fablica.<\/p>\n<p>M\u00e9xico es prioridad para Oracle<br \/>\nM\u00e9xico es un mercado clave para Oracle. La relevancia del pa\u00eds dentro de la operaci\u00f3n global de la compa\u00f1\u00eda queda evidenciada, de acuerdo con Dos Santos, en la realizaci\u00f3n de importantes eventos tecnol\u00f3gicos en territorio mexicano, como el Oracle Cloud World, que se replic\u00f3 en 2023 en s\u00f3lo siete ciudades a nivel mundial.<\/p>\n<p>\u201cM\u00e9xico es una de las geograf\u00edas con mayor relevancia para Oracle a nivel mundial y Latinoam\u00e9rica\u201d, destaca Dos Santos, subrayando la presencia de grandes clientes locales como Bimbo, la panificadora m\u00e1s grande del mundo, y Am\u00e9rica M\u00f3vil, uno de los principales conglomerados de telecomunicaciones del continente.<\/p>\n<p>La apuesta por M\u00e9xico tambi\u00e9n incluye un enfoque de \u00abtropicalizaci\u00f3n\u00bb de las soluciones tecnol\u00f3gicas de Oracle. La empresa adapta su oferta para ajustarse a las necesidades y retos espec\u00edficos de las industrias locales, tanto en t\u00e9rminos de infraestructura como de aplicaciones. Este enfoque ha permitido que M\u00e9xico se posicione como uno de los mercados m\u00e1s avanzados en la adopci\u00f3n de soluciones de software en la nube.<\/p>\n","protected":false},"excerpt":{"rendered":"<p>\ud83d\udd38 La compa\u00f1\u00eda detecta una mayor disposici\u00f3n de la pr\u00f3xima administraci\u00f3n para adoptar tecnolog\u00edas digitales y optimizar servicios p\u00fablicos clave. #NACIONAL. Las Vegas, Ne. Oracle M\u00e9xico observa una oportunidad de crecimiento en el sector p\u00fablico mexicano, gracias a una mayor apertura de la pr\u00f3xima administraci\u00f3n de Claudia Sheinbaum hacia la transformaci\u00f3n digital. Bajo el liderazgo [&hellip;]<\/p>\n","protected":false},"author":1,"featured_media":35614,"comment_status":"open","ping_status":"closed","sticky":false,"template":"","format":"standard","meta":{"footnotes":""},"categories":[2],"tags":[],"class_list":["post-35612","post","type-post","status-publish","format-standard","has-post-thumbnail","hentry","category-nacional"],"_links":{"self":[{"href":"https:\/\/solidaridadnews.com\/index.php?rest_route=\/wp\/v2\/posts\/35612","targetHints":{"allow":["GET"]}}],"collection":[{"href":"https:\/\/solidaridadnews.com\/index.php?rest_route=\/wp\/v2\/posts"}],"about":[{"href":"https:\/\/solidaridadnews.com\/index.php?rest_route=\/wp\/v2\/types\/post"}],"author":[{"embeddable":true,"href":"https:\/\/solidaridadnews.com\/index.php?rest_route=\/wp\/v2\/users\/1"}],"replies":[{"embeddable":true,"href":"https:\/\/solidaridadnews.com\/index.php?rest_route=%2Fwp%2Fv2%2Fcomments&post=35612"}],"version-history":[{"count":1,"href":"https:\/\/solidaridadnews.com\/index.php?rest_route=\/wp\/v2\/posts\/35612\/revisions"}],"predecessor-version":[{"id":35613,"href":"https:\/\/solidaridadnews.com\/index.php?rest_route=\/wp\/v2\/posts\/35612\/revisions\/35613"}],"wp:featuredmedia":[{"embeddable":true,"href":"https:\/\/solidaridadnews.com\/index.php?rest_route=\/wp\/v2\/media\/35614"}],"wp:attachment":[{"href":"https:\/\/solidaridadnews.com\/index.php?rest_route=%2Fwp%2Fv2%2Fmedia&parent=35612"}],"wp:term":[{"taxonomy":"category","embeddable":true,"href":"https:\/\/solidaridadnews.com\/index.php?rest_route=%2Fwp%2Fv2%2Fcategories&post=35612"},{"taxonomy":"post_tag","embeddable":true,"href":"https:\/\/solidaridadnews.com\/index.php?rest_route=%2Fwp%2Fv2%2Ftags&post=35612"}],"curies":[{"name":"wp","href":"https:\/\/api.w.org\/{rel}","templated":true}]}}