{"id":35609,"date":"2024-09-11T11:26:16","date_gmt":"2024-09-11T16:26:16","guid":{"rendered":"https:\/\/solidaridadnews.com\/?p=35609"},"modified":"2024-09-11T16:26:18","modified_gmt":"2024-09-11T16:26:18","slug":"jordan-silva-se-marcha-de-la-liga-mx-para-jugar-con-ofi-creta-de-grecia","status":"publish","type":"post","link":"https:\/\/solidaridadnews.com\/?p=35609","title":{"rendered":"Jordan Silva se marcha de la Liga MX para jugar con OFI Creta de Grecia"},"content":{"rendered":"<p>\ud83d\udd38 El defensa mexicano firm\u00f3 contrato de un a\u00f1o con el club que va s\u00e9ptimo en la liga<\/p>\n<p>#DEPORTES. Es oficial y Jordan Silva deja la Liga MX para continuar su carrera en Europa, espec\u00edficamente en Grecia. Silva, de 30 a\u00f1os, firm\u00f3 un contrato con el OFI Creta hasta junio de 2025, inform\u00f3 el club por medio de un comunicado.<\/p>\n<p>\u00abEl zaguero de 30 a\u00f1os, nacido el 30 de julio de 1994 en Matehuala (M\u00e9xico), ha jugado, entre otros clubes, en Cruz Azul, con el que gan\u00f3 la Copa de M\u00e9xico en la Temporada 2018-19. Tambi\u00e9n pas\u00f3 por Club Tijuana (31 partidos, 2 goles), Toluca (83 apariciones, 2 goles) y Atl\u00e9tico San Luis, cuyos colores visti\u00f3 en 15 partidos. Ha sido nombrado internacional tanto con la Selecci\u00f3n Masculina como con las selecciones Sub22 y Sub23. Jordan, \u00a1bienvenido a la familia OFI!\u00bb, destac\u00f3 el club en su comunicado.<\/p>\n<p>Adem\u00e1s de la M\u00e1quina, Xolos y los potosinos, Jordan tambi\u00e9n pas\u00f3 por Am\u00e9rica y Gallos Blancos de Quer\u00e9taro. Ahora se unir\u00e1 a la Superliga de Grecia, donde actualmente tambi\u00e9n juegan los mexicanos Rodolfo Pizarro y Orbel\u00edn Pineda, ambos en el AEK Atenas que marcha en la tercera posici\u00f3n.<\/p>\n<p>En cuanto a OFI Creta, nuevo equipo de Silva, se encuentra actualmente en el s\u00e9ptimo puesto con cuatro puntos en tres juegos, empatado con Panathinaikos y Asteras, pero con menor diferencia de goles. El pr\u00f3ximo partido es el domingo 15 ante Aris, pero no se sabe si Jordan estar\u00e1 listo para debutar en ese momento.<\/p>\n<p>Con su incorporaci\u00f3n, se convierte en el noveno futbolista mexicano en jugar en Grecia. El primero de ellos fue Nery Castillo, quien tuvo pasos por el Olympiacos y el Aris de Sal\u00f3nica.<\/p>\n<p>Posteriormente, probaron suerte Antonio de Nigris (AE Larisa), Pedro Arce (Panionios y Veria), Alan Pulido (Levadiakos y el Olympiacos) y Paolo Medina (Panetolikos). Actualmente, est\u00e1n los mencionados Pineda y Pizarro, as\u00ed como Jonathan G\u00f3mez que jugar\u00e1 para el PAOK.<\/p>\n<p>&nbsp;<\/p>\n","protected":false},"excerpt":{"rendered":"<p>\ud83d\udd38 El defensa mexicano firm\u00f3 contrato de un a\u00f1o con el club que va s\u00e9ptimo en la liga #DEPORTES. Es oficial y Jordan Silva deja la Liga MX para continuar su carrera en Europa, espec\u00edficamente en Grecia. Silva, de 30 a\u00f1os, firm\u00f3 un contrato con el OFI Creta hasta junio de 2025, inform\u00f3 el club [&hellip;]<\/p>\n","protected":false},"author":1,"featured_media":35611,"comment_status":"open","ping_status":"closed","sticky":false,"template":"","format":"standard","meta":{"footnotes":""},"categories":[6],"tags":[],"class_list":["post-35609","post","type-post","status-publish","format-standard","has-post-thumbnail","hentry","category-deportes"],"_links":{"self":[{"href":"https:\/\/solidaridadnews.com\/index.php?rest_route=\/wp\/v2\/posts\/35609","targetHints":{"allow":["GET"]}}],"collection":[{"href":"https:\/\/solidaridadnews.com\/index.php?rest_route=\/wp\/v2\/posts"}],"about":[{"href":"https:\/\/solidaridadnews.com\/index.php?rest_route=\/wp\/v2\/types\/post"}],"author":[{"embeddable":true,"href":"https:\/\/solidaridadnews.com\/index.php?rest_route=\/wp\/v2\/users\/1"}],"replies":[{"embeddable":true,"href":"https:\/\/solidaridadnews.com\/index.php?rest_route=%2Fwp%2Fv2%2Fcomments&post=35609"}],"version-history":[{"count":1,"href":"https:\/\/solidaridadnews.com\/index.php?rest_route=\/wp\/v2\/posts\/35609\/revisions"}],"predecessor-version":[{"id":35610,"href":"https:\/\/solidaridadnews.com\/index.php?rest_route=\/wp\/v2\/posts\/35609\/revisions\/35610"}],"wp:featuredmedia":[{"embeddable":true,"href":"https:\/\/solidaridadnews.com\/index.php?rest_route=\/wp\/v2\/media\/35611"}],"wp:attachment":[{"href":"https:\/\/solidaridadnews.com\/index.php?rest_route=%2Fwp%2Fv2%2Fmedia&parent=35609"}],"wp:term":[{"taxonomy":"category","embeddable":true,"href":"https:\/\/solidaridadnews.com\/index.php?rest_route=%2Fwp%2Fv2%2Fcategories&post=35609"},{"taxonomy":"post_tag","embeddable":true,"href":"https:\/\/solidaridadnews.com\/index.php?rest_route=%2Fwp%2Fv2%2Ftags&post=35609"}],"curies":[{"name":"wp","href":"https:\/\/api.w.org\/{rel}","templated":true}]}}