{"id":35591,"date":"2024-09-10T12:03:57","date_gmt":"2024-09-10T17:03:57","guid":{"rendered":"https:\/\/solidaridadnews.com\/?p=35591"},"modified":"2024-09-10T17:03:58","modified_gmt":"2024-09-10T17:03:58","slug":"jalisco-es-lider-nacional-en-transicion-a-energias-limpias-coinciden-empresas-y-gobierno","status":"publish","type":"post","link":"https:\/\/solidaridadnews.com\/?p=35591","title":{"rendered":"Jalisco es l\u00edder nacional en transici\u00f3n a energ\u00edas limpias, coinciden empresas y gobierno"},"content":{"rendered":"<p>\ud83d\udd38 De acuerdo con la Asociaci\u00f3n de Obras El\u00e9ctricas de Occidente y la Agencia Estatal de Energ\u00eda, la entidad es l\u00edder en contratos de interconexi\u00f3n y generaci\u00f3n distribuida, entre otros rubros.<\/p>\n<p>#NACIONAL. Con 81,900 contratos de interconexi\u00f3n, Jalisco es l\u00edder nacional en n\u00famero de sistemas de energ\u00eda solar interconectados a la red, y es n\u00famero uno en sistemas de calentamiento solar de agua en residencias, afirm\u00f3 Eduardo Mancilla, presidente de la Asociaci\u00f3n de Constructores de Obras El\u00e9ctricas de Occidente (ACOEO).<\/p>\n<p>\u00abEsto hace que Jalisco sea un estado pionero y un estado con mucha fuerza hacia la transici\u00f3n energ\u00e9tica limpia. Jalisco es n\u00famero uno en ambos temas, le sigue Nuevo Le\u00f3n con 51,000 contratos interconectados y despu\u00e9s, en el tema de sistemas fotovoltaicos le sigue Chihuahua\u00bb, subray\u00f3 el dirigente del sector.<\/p>\n<p>Detall\u00f3 que los sistemas fotovoltaicos, dependiendo del espacio para su instalaci\u00f3n y de la demanda energ\u00e9tica de cada domicilio, pueden generar ahorros desde 70 hasta 100% en electricidad, mientras que, en t\u00e9rminos de gas, con un calentador solar se puede abatir hasta el 80% del consumo de gas para calentar el agua.<\/p>\n<p>Generaci\u00f3n distribuida<br \/>\nPor su parte, el responsable de la Agencia de Energ\u00eda del Estado de Jalisco, V\u00edctor Cervantes Verd\u00edn, destac\u00f3 que el estado es n\u00famero uno en el pa\u00eds en materia de generaci\u00f3n distribuida y, adem\u00e1s, \u00abtenemos una gran cantidad de proyectos en desarrollo donde buscamos tomar ventaja de los recursos energ\u00e9ticos que tenemos como estado\u00bb.<\/p>\n<p>El encargado de Despacho de la Agencia destac\u00f3 que, al ser potencia nacional en materia agroindustrial, Jalisco posee un gran potencial para para producir biomasa y generar biometano.<\/p>\n<p>\u00abY en t\u00e9rminos de transici\u00f3n energ\u00e9tica, si bien es cierto no se han alcanzado las metas nacionales, en Jalisco s\u00ed hemos tenido una importante incorporaci\u00f3n de centrales, tanto a nivel utilitario, aquellas centrales que son mayores a 500 kilowatts, como a nivel de generaci\u00f3n distribuida donde somos referente nacional\u00bb, indic\u00f3 Cervantes Verd\u00edn.<\/p>\n<p>Retos<br \/>\nEl titular de la Agencia de Energ\u00eda mencion\u00f3, no obstante, que un gran reto es reunir la inversi\u00f3n que se requiere para contar con la red de transmisi\u00f3n y distribuci\u00f3n que pueda hacer frente a los requerimientos del crecimiento econ\u00f3mico y al aumento a la demanda por el nearshoring.<\/p>\n<p>\u00abRequerir\u00edamos m\u00e1s de dos millones de millones de pesos; es una cantidad incre\u00edble de presupuesto; es m\u00e1s del doble de lo que cuesta Pemex; esto nos da una idea del enorme reto que implica para las empresas del sector energ\u00e9tico hacer frente a los retos del pa\u00eds\u00bb, explic\u00f3 V\u00edctor Cervantes.<\/p>\n<p>\u00abEsto aunado al cambio clim\u00e1tico donde cada d\u00eda m\u00e1s gente necesita poner en su casa aire acondicionado, obviamente tenemos problemas de sequ\u00edas; esto implica que haya un incremento en la demanda que a veces no se ve cubierto por la capacidad de la infraestructura. Y esto naturalmente va a ocasionar apagones, va a ocasionar problemas de confiabilidad. Entonces yo no dir\u00eda que sea nada m\u00e1s Jalisco, el tema de la falta de infraestructura es nacional\u00bb, precis\u00f3.<\/p>\n<p>Congreso<br \/>\nLos principales retos del pa\u00eds en materia energ\u00e9tica se abordar\u00e1n en la Expo Congreso Electric\u00f3n 2024, del 2 al 4 de octubre pr\u00f3ximos en Expo Guadalajara.<\/p>\n<p>El comit\u00e9 organizador espera aproximadamente 1,800 asistentes ya que de manera simult\u00e1nea se llevar\u00e1n a cabo el Congreso de Energ\u00eda de Jalisco por parte de la Agencia Estatal de Energ\u00eda, el Congreso Internacional del Colegio de Ingenieros Mec\u00e1nicos Electricistas de Jalisco y la Expo Congreso Electric\u00f3n.<\/p>\n","protected":false},"excerpt":{"rendered":"<p>\ud83d\udd38 De acuerdo con la Asociaci\u00f3n de Obras El\u00e9ctricas de Occidente y la Agencia Estatal de Energ\u00eda, la entidad es l\u00edder en contratos de interconexi\u00f3n y generaci\u00f3n distribuida, entre otros rubros. #NACIONAL. Con 81,900 contratos de interconexi\u00f3n, Jalisco es l\u00edder nacional en n\u00famero de sistemas de energ\u00eda solar interconectados a la red, y es n\u00famero [&hellip;]<\/p>\n","protected":false},"author":1,"featured_media":35593,"comment_status":"open","ping_status":"closed","sticky":false,"template":"","format":"standard","meta":{"footnotes":""},"categories":[2],"tags":[],"class_list":["post-35591","post","type-post","status-publish","format-standard","has-post-thumbnail","hentry","category-nacional"],"_links":{"self":[{"href":"https:\/\/solidaridadnews.com\/index.php?rest_route=\/wp\/v2\/posts\/35591","targetHints":{"allow":["GET"]}}],"collection":[{"href":"https:\/\/solidaridadnews.com\/index.php?rest_route=\/wp\/v2\/posts"}],"about":[{"href":"https:\/\/solidaridadnews.com\/index.php?rest_route=\/wp\/v2\/types\/post"}],"author":[{"embeddable":true,"href":"https:\/\/solidaridadnews.com\/index.php?rest_route=\/wp\/v2\/users\/1"}],"replies":[{"embeddable":true,"href":"https:\/\/solidaridadnews.com\/index.php?rest_route=%2Fwp%2Fv2%2Fcomments&post=35591"}],"version-history":[{"count":1,"href":"https:\/\/solidaridadnews.com\/index.php?rest_route=\/wp\/v2\/posts\/35591\/revisions"}],"predecessor-version":[{"id":35592,"href":"https:\/\/solidaridadnews.com\/index.php?rest_route=\/wp\/v2\/posts\/35591\/revisions\/35592"}],"wp:featuredmedia":[{"embeddable":true,"href":"https:\/\/solidaridadnews.com\/index.php?rest_route=\/wp\/v2\/media\/35593"}],"wp:attachment":[{"href":"https:\/\/solidaridadnews.com\/index.php?rest_route=%2Fwp%2Fv2%2Fmedia&parent=35591"}],"wp:term":[{"taxonomy":"category","embeddable":true,"href":"https:\/\/solidaridadnews.com\/index.php?rest_route=%2Fwp%2Fv2%2Fcategories&post=35591"},{"taxonomy":"post_tag","embeddable":true,"href":"https:\/\/solidaridadnews.com\/index.php?rest_route=%2Fwp%2Fv2%2Ftags&post=35591"}],"curies":[{"name":"wp","href":"https:\/\/api.w.org\/{rel}","templated":true}]}}