{"id":35519,"date":"2024-09-04T12:11:15","date_gmt":"2024-09-04T17:11:15","guid":{"rendered":"https:\/\/solidaridadnews.com\/?p=35519"},"modified":"2024-09-04T17:11:16","modified_gmt":"2024-09-04T17:11:16","slug":"un-millon-de-pasajeros-anuales-es-el-objetivo-del-aeropuerto-internacional-tepic-riviera-nayarit","status":"publish","type":"post","link":"https:\/\/solidaridadnews.com\/?p=35519","title":{"rendered":"Un mill\u00f3n de pasajeros anuales es el objetivo del Aeropuerto Internacional Tepic-Riviera Nayarit"},"content":{"rendered":"<p>\ud83d\udd38Se trata de un proyecto a 15 a\u00f1os para esta terminal a\u00e9rea que busca posicionarse como un punto estrat\u00e9gico de conectividad para Nayarit.<\/p>\n<p>#NAYARIT | Uno de los proyectos federales m\u00e1s importantes en Nayarit es el nuevo Aeropuerto Internacional Tepic-Riviera Nayarit. Recientemente, se ha completado una de las etapas de rehabilitaci\u00f3n y modernizaci\u00f3n de esta infraestructura clave. No obstante, la Delegada de Bienestar, Patricia Urenda, subray\u00f3 que se trata de un proyecto a largo plazo, y la meta de alcanzar m\u00e1s de un mill\u00f3n de usuarios anuales se lograr\u00e1 gradualmente.<\/p>\n<p>La funcionaria explic\u00f3 que el plan se desarrollar\u00e1 en distintas fases durante un per\u00edodo de quince a\u00f1os. En los primeros cinco a\u00f1os, se busca consolidar la capacidad del aeropuerto para manejar un mill\u00f3n de pasajeros al a\u00f1o, con la posibilidad de seguir ampliando su capacidad en etapas posteriores. Este crecimiento forma parte de un plan maestro que tambi\u00e9n contempla la conversi\u00f3n del aeropuerto en un centro de carga.<\/p>\n<p>Actualmente, un equipo multidisciplinario trabaja en la implementaci\u00f3n de este proyecto, siguiendo las bases establecidas por el gobierno federal. Este equipo realiza giras internacionales en lugares como Estambul, para posicionar a Nayarit como un destino estrat\u00e9gico, trabajando en colaboraci\u00f3n con las autoridades tur\u00edsticas del estado.<\/p>\n","protected":false},"excerpt":{"rendered":"<p>\ud83d\udd38Se trata de un proyecto a 15 a\u00f1os para esta terminal a\u00e9rea que busca posicionarse como un punto estrat\u00e9gico de conectividad para Nayarit. #NAYARIT | Uno de los proyectos federales m\u00e1s importantes en Nayarit es el nuevo Aeropuerto Internacional Tepic-Riviera Nayarit. Recientemente, se ha completado una de las etapas de rehabilitaci\u00f3n y modernizaci\u00f3n de esta [&hellip;]<\/p>\n","protected":false},"author":1,"featured_media":35521,"comment_status":"open","ping_status":"closed","sticky":false,"template":"","format":"standard","meta":{"footnotes":""},"categories":[27],"tags":[],"class_list":["post-35519","post","type-post","status-publish","format-standard","has-post-thumbnail","hentry","category-nayarit"],"_links":{"self":[{"href":"https:\/\/solidaridadnews.com\/index.php?rest_route=\/wp\/v2\/posts\/35519","targetHints":{"allow":["GET"]}}],"collection":[{"href":"https:\/\/solidaridadnews.com\/index.php?rest_route=\/wp\/v2\/posts"}],"about":[{"href":"https:\/\/solidaridadnews.com\/index.php?rest_route=\/wp\/v2\/types\/post"}],"author":[{"embeddable":true,"href":"https:\/\/solidaridadnews.com\/index.php?rest_route=\/wp\/v2\/users\/1"}],"replies":[{"embeddable":true,"href":"https:\/\/solidaridadnews.com\/index.php?rest_route=%2Fwp%2Fv2%2Fcomments&post=35519"}],"version-history":[{"count":1,"href":"https:\/\/solidaridadnews.com\/index.php?rest_route=\/wp\/v2\/posts\/35519\/revisions"}],"predecessor-version":[{"id":35520,"href":"https:\/\/solidaridadnews.com\/index.php?rest_route=\/wp\/v2\/posts\/35519\/revisions\/35520"}],"wp:featuredmedia":[{"embeddable":true,"href":"https:\/\/solidaridadnews.com\/index.php?rest_route=\/wp\/v2\/media\/35521"}],"wp:attachment":[{"href":"https:\/\/solidaridadnews.com\/index.php?rest_route=%2Fwp%2Fv2%2Fmedia&parent=35519"}],"wp:term":[{"taxonomy":"category","embeddable":true,"href":"https:\/\/solidaridadnews.com\/index.php?rest_route=%2Fwp%2Fv2%2Fcategories&post=35519"},{"taxonomy":"post_tag","embeddable":true,"href":"https:\/\/solidaridadnews.com\/index.php?rest_route=%2Fwp%2Fv2%2Ftags&post=35519"}],"curies":[{"name":"wp","href":"https:\/\/api.w.org\/{rel}","templated":true}]}}