{"id":35516,"date":"2024-09-04T11:56:51","date_gmt":"2024-09-04T16:56:51","guid":{"rendered":"https:\/\/solidaridadnews.com\/?p=35516"},"modified":"2024-09-04T16:56:52","modified_gmt":"2024-09-04T16:56:52","slug":"brian-may-legendario-guitarrista-de-queen-revela-que-sufrio-un-derrame-cerebral","status":"publish","type":"post","link":"https:\/\/solidaridadnews.com\/?p=35516","title":{"rendered":"Brian May, legendario guitarrista de Queen, revela que sufri\u00f3 un derrame cerebral"},"content":{"rendered":"<p>\ud83d\udd38 Tras d\u00edas de incertidumbre, el m\u00fasico tranquiliz\u00f3 a sus seguidores confirmando que ya puede volver a tocar la guitarra y agradeci\u00f3 la atenci\u00f3n m\u00e9dica recibida.<\/p>\n<p>#ESPECT\u00c1CULOS. El legendario guitarrista de Queen, Brian May, sorprendi\u00f3 a sus fan\u00e1ticos al revelar que la semana pasada sufri\u00f3 un derrame cerebral que le impidi\u00f3 usar su brazo izquierdo temporalmente.<\/p>\n<p>El ic\u00f3nico m\u00fasico de \u00abDon&#8217;t Stop Me Now\u00bb de 77 a\u00f1os recurri\u00f3 a las redes sociales para compartir su experiencia y expresar sus dudas sobre si podr\u00eda volver a tocar la guitarra despu\u00e9s de este \u00abpeque\u00f1o contratiempo de salud\u00bb.<\/p>\n<p>Sin embargo, en un emotivo mensaje publicado en Instagram, May ofreci\u00f3 una actualizaci\u00f3n alentadora.<\/p>\n<p>\u00abEstoy aqu\u00ed para darles buenas noticias: s\u00ed, puedo tocar la guitarra despu\u00e9s de estos \u00faltimos d\u00edas dif\u00edciles. Lo digo porque estaba en duda porque ese peque\u00f1o contratiempo de salud que mencion\u00e9 ocurri\u00f3 hace una semana y lo llamaron un derrame cerebral leve. Me asust\u00f3 un poco, tengo que decirlo\u201d, afirm\u00f3 mientras mov\u00eda sus dedos con una sonrisa.<\/p>\n<p>Adem\u00e1s, el m\u00fasico elogi\u00f3 a sus m\u00e9dicos por su \u00abatenci\u00f3n fant\u00e1stica\u00bb y explic\u00f3 con una sonrisa:<\/p>\n<p>\u00abNo quer\u00eda decir nada en ese momento porque no quer\u00eda que nadie se me acercara, ya sabes. Realmente no busco compasi\u00f3n. Por favor, no me env\u00eden demasiados mensajes, \u00a1no quiero saturar mi bandeja de entrada!\u00bb, expres\u00f3.<\/p>\n<p>El guitarrista se mostr\u00f3 animado en el video y revel\u00f3 que, aunque est\u00e1 siguiendo al pie de la letra las indicaciones m\u00e9dicas, que b\u00e1sicamente incluyen descansar y no hacer nada, est\u00e1 bien.<\/p>\n<p>\u00abNo puedo conducir ni volar porque eso podr\u00eda elevar mi frecuencia card\u00edaca,\u00bb explic\u00f3 con un toque de humor. \u00abPero no se preocupen, estoy bien\u00bb.<\/p>\n<p>May ya hab\u00eda tenido problemas de salud hace unos a\u00f1os, incluido un ataque card\u00edaco muy cercano a la muerte en 2020, en ese entonces, los m\u00e9dicos descubrieron que May ten\u00eda tres arterias bloqueadas y le realizaron una cirug\u00eda que ayudan a mantener la arteria abierta.<\/p>\n","protected":false},"excerpt":{"rendered":"<p>\ud83d\udd38 Tras d\u00edas de incertidumbre, el m\u00fasico tranquiliz\u00f3 a sus seguidores confirmando que ya puede volver a tocar la guitarra y agradeci\u00f3 la atenci\u00f3n m\u00e9dica recibida. #ESPECT\u00c1CULOS. El legendario guitarrista de Queen, Brian May, sorprendi\u00f3 a sus fan\u00e1ticos al revelar que la semana pasada sufri\u00f3 un derrame cerebral que le impidi\u00f3 usar su brazo izquierdo [&hellip;]<\/p>\n","protected":false},"author":1,"featured_media":35518,"comment_status":"open","ping_status":"closed","sticky":false,"template":"","format":"standard","meta":{"footnotes":""},"categories":[3],"tags":[],"class_list":["post-35516","post","type-post","status-publish","format-standard","has-post-thumbnail","hentry","category-espectaculos"],"_links":{"self":[{"href":"https:\/\/solidaridadnews.com\/index.php?rest_route=\/wp\/v2\/posts\/35516","targetHints":{"allow":["GET"]}}],"collection":[{"href":"https:\/\/solidaridadnews.com\/index.php?rest_route=\/wp\/v2\/posts"}],"about":[{"href":"https:\/\/solidaridadnews.com\/index.php?rest_route=\/wp\/v2\/types\/post"}],"author":[{"embeddable":true,"href":"https:\/\/solidaridadnews.com\/index.php?rest_route=\/wp\/v2\/users\/1"}],"replies":[{"embeddable":true,"href":"https:\/\/solidaridadnews.com\/index.php?rest_route=%2Fwp%2Fv2%2Fcomments&post=35516"}],"version-history":[{"count":1,"href":"https:\/\/solidaridadnews.com\/index.php?rest_route=\/wp\/v2\/posts\/35516\/revisions"}],"predecessor-version":[{"id":35517,"href":"https:\/\/solidaridadnews.com\/index.php?rest_route=\/wp\/v2\/posts\/35516\/revisions\/35517"}],"wp:featuredmedia":[{"embeddable":true,"href":"https:\/\/solidaridadnews.com\/index.php?rest_route=\/wp\/v2\/media\/35518"}],"wp:attachment":[{"href":"https:\/\/solidaridadnews.com\/index.php?rest_route=%2Fwp%2Fv2%2Fmedia&parent=35516"}],"wp:term":[{"taxonomy":"category","embeddable":true,"href":"https:\/\/solidaridadnews.com\/index.php?rest_route=%2Fwp%2Fv2%2Fcategories&post=35516"},{"taxonomy":"post_tag","embeddable":true,"href":"https:\/\/solidaridadnews.com\/index.php?rest_route=%2Fwp%2Fv2%2Ftags&post=35516"}],"curies":[{"name":"wp","href":"https:\/\/api.w.org\/{rel}","templated":true}]}}