{"id":35504,"date":"2024-09-04T11:26:22","date_gmt":"2024-09-04T16:26:22","guid":{"rendered":"https:\/\/solidaridadnews.com\/?p=35504"},"modified":"2024-09-04T16:26:23","modified_gmt":"2024-09-04T16:26:23","slug":"laura-imelda-perez-segura-impulsa-la-cuarta-transformacion-en-el-oriente-del-area-metropolitana","status":"publish","type":"post","link":"https:\/\/solidaridadnews.com\/?p=35504","title":{"rendered":"Laura Imelda P\u00e9rez Segura impulsa la Cuarta Transformaci\u00f3n en el Oriente del \u00c1rea Metropolitana"},"content":{"rendered":"<p>\ud83d\udd38 La alcaldesa electa se alinea con el nuevo enfoque de desarrollo que promete transformar la regi\u00f3n<\/p>\n<p>#JALISCO | Con s\u00f3lidos valores y principios, la Cuarta Transformaci\u00f3n contin\u00faa su expansi\u00f3n en el \u00c1rea Metropolitana de Guadalajara. Laura Imelda P\u00e9rez Segura, presidenta municipal electa de San Pedro Tlaquepaque, se alinea con el nuevo enfoque de desarrollo que promete transformar la regi\u00f3n.<\/p>\n<p>En un esfuerzo conjunto, P\u00e9rez Segura, junto con Nena Far\u00edas de El Salto, Ana Vergara de Juanacatl\u00e1n y Sergio Ch\u00e1vez de Tonal\u00e1, se han comprometido a trabajar unidos para implementar proyectos que beneficien a sus comunidades y fomenten un crecimiento integrado. Esta colaboraci\u00f3n busca fortalecer la regi\u00f3n y responder a las necesidades locales con una visi\u00f3n compartida de progreso y equidad.<\/p>\n<p>Con el respaldo y la esperanza de los ciudadanos, estos l\u00edderes municipales est\u00e1n listos para iniciar una nueva etapa en la administraci\u00f3n local, enfoc\u00e1ndose en la participaci\u00f3n ciudadana y el desarrollo sustentable.<\/p>\n","protected":false},"excerpt":{"rendered":"<p>\ud83d\udd38 La alcaldesa electa se alinea con el nuevo enfoque de desarrollo que promete transformar la regi\u00f3n #JALISCO | Con s\u00f3lidos valores y principios, la Cuarta Transformaci\u00f3n contin\u00faa su expansi\u00f3n en el \u00c1rea Metropolitana de Guadalajara. Laura Imelda P\u00e9rez Segura, presidenta municipal electa de San Pedro Tlaquepaque, se alinea con el nuevo enfoque de desarrollo [&hellip;]<\/p>\n","protected":false},"author":1,"featured_media":35506,"comment_status":"open","ping_status":"closed","sticky":false,"template":"","format":"standard","meta":{"footnotes":""},"categories":[23],"tags":[],"class_list":["post-35504","post","type-post","status-publish","format-standard","has-post-thumbnail","hentry","category-jalisco"],"_links":{"self":[{"href":"https:\/\/solidaridadnews.com\/index.php?rest_route=\/wp\/v2\/posts\/35504","targetHints":{"allow":["GET"]}}],"collection":[{"href":"https:\/\/solidaridadnews.com\/index.php?rest_route=\/wp\/v2\/posts"}],"about":[{"href":"https:\/\/solidaridadnews.com\/index.php?rest_route=\/wp\/v2\/types\/post"}],"author":[{"embeddable":true,"href":"https:\/\/solidaridadnews.com\/index.php?rest_route=\/wp\/v2\/users\/1"}],"replies":[{"embeddable":true,"href":"https:\/\/solidaridadnews.com\/index.php?rest_route=%2Fwp%2Fv2%2Fcomments&post=35504"}],"version-history":[{"count":1,"href":"https:\/\/solidaridadnews.com\/index.php?rest_route=\/wp\/v2\/posts\/35504\/revisions"}],"predecessor-version":[{"id":35505,"href":"https:\/\/solidaridadnews.com\/index.php?rest_route=\/wp\/v2\/posts\/35504\/revisions\/35505"}],"wp:featuredmedia":[{"embeddable":true,"href":"https:\/\/solidaridadnews.com\/index.php?rest_route=\/wp\/v2\/media\/35506"}],"wp:attachment":[{"href":"https:\/\/solidaridadnews.com\/index.php?rest_route=%2Fwp%2Fv2%2Fmedia&parent=35504"}],"wp:term":[{"taxonomy":"category","embeddable":true,"href":"https:\/\/solidaridadnews.com\/index.php?rest_route=%2Fwp%2Fv2%2Fcategories&post=35504"},{"taxonomy":"post_tag","embeddable":true,"href":"https:\/\/solidaridadnews.com\/index.php?rest_route=%2Fwp%2Fv2%2Ftags&post=35504"}],"curies":[{"name":"wp","href":"https:\/\/api.w.org\/{rel}","templated":true}]}}