{"id":35400,"date":"2024-08-29T11:53:06","date_gmt":"2024-08-29T16:53:06","guid":{"rendered":"https:\/\/solidaridadnews.com\/?p=35400"},"modified":"2024-08-29T16:53:06","modified_gmt":"2024-08-29T16:53:06","slug":"la-nadadora-haidee-aceves-obtiene-plata-en-paralimpicos-paris-2024","status":"publish","type":"post","link":"https:\/\/solidaridadnews.com\/?p=35400","title":{"rendered":"La nadadora Haidee Aceves obtiene plata en Paral\u00edmpicos Par\u00eds 2024"},"content":{"rendered":"<p>\ud83d\udd38\u00a1M\u00e9xico consigui\u00f3 la primera medalla en los Juegos Paral\u00edmpicos de Par\u00eds 2024!<\/p>\n<p>#PAR\u00cdS \ud83c\uddeb\ud83c\uddf7La ganadora es la jalisciense Haidee Viviana Aceves P\u00e9rez, quien se llev\u00f3 la presea de plata en la disciplina de Para nataci\u00f3n en los 100 metros Dorso-S2, con un tiempo de 1:07.90, seg\u00fan informaci\u00f3n del Comit\u00e9 Paral\u00edmpico.<\/p>\n<p>Los Juegos Paral\u00edmpicos de Par\u00eds 2024 comenzaron ayer mi\u00e9rcoles 28 de agosto con el desfile de las delegaciones de los pa\u00edses, incluido M\u00e9xico.<\/p>\n<p>La competencia durar\u00e1 hasta el 8 de septiembre.<\/p>\n","protected":false},"excerpt":{"rendered":"<p>\ud83d\udd38\u00a1M\u00e9xico consigui\u00f3 la primera medalla en los Juegos Paral\u00edmpicos de Par\u00eds 2024! #PAR\u00cdS \ud83c\uddeb\ud83c\uddf7La ganadora es la jalisciense Haidee Viviana Aceves P\u00e9rez, quien se llev\u00f3 la presea de plata en la disciplina de Para nataci\u00f3n en los 100 metros Dorso-S2, con un tiempo de 1:07.90, seg\u00fan informaci\u00f3n del Comit\u00e9 Paral\u00edmpico. Los Juegos Paral\u00edmpicos de Par\u00eds [&hellip;]<\/p>\n","protected":false},"author":1,"featured_media":35402,"comment_status":"open","ping_status":"closed","sticky":false,"template":"","format":"standard","meta":{"footnotes":""},"categories":[25],"tags":[],"class_list":["post-35400","post","type-post","status-publish","format-standard","has-post-thumbnail","hentry","category-paris-2024"],"_links":{"self":[{"href":"https:\/\/solidaridadnews.com\/index.php?rest_route=\/wp\/v2\/posts\/35400","targetHints":{"allow":["GET"]}}],"collection":[{"href":"https:\/\/solidaridadnews.com\/index.php?rest_route=\/wp\/v2\/posts"}],"about":[{"href":"https:\/\/solidaridadnews.com\/index.php?rest_route=\/wp\/v2\/types\/post"}],"author":[{"embeddable":true,"href":"https:\/\/solidaridadnews.com\/index.php?rest_route=\/wp\/v2\/users\/1"}],"replies":[{"embeddable":true,"href":"https:\/\/solidaridadnews.com\/index.php?rest_route=%2Fwp%2Fv2%2Fcomments&post=35400"}],"version-history":[{"count":1,"href":"https:\/\/solidaridadnews.com\/index.php?rest_route=\/wp\/v2\/posts\/35400\/revisions"}],"predecessor-version":[{"id":35401,"href":"https:\/\/solidaridadnews.com\/index.php?rest_route=\/wp\/v2\/posts\/35400\/revisions\/35401"}],"wp:featuredmedia":[{"embeddable":true,"href":"https:\/\/solidaridadnews.com\/index.php?rest_route=\/wp\/v2\/media\/35402"}],"wp:attachment":[{"href":"https:\/\/solidaridadnews.com\/index.php?rest_route=%2Fwp%2Fv2%2Fmedia&parent=35400"}],"wp:term":[{"taxonomy":"category","embeddable":true,"href":"https:\/\/solidaridadnews.com\/index.php?rest_route=%2Fwp%2Fv2%2Fcategories&post=35400"},{"taxonomy":"post_tag","embeddable":true,"href":"https:\/\/solidaridadnews.com\/index.php?rest_route=%2Fwp%2Fv2%2Ftags&post=35400"}],"curies":[{"name":"wp","href":"https:\/\/api.w.org\/{rel}","templated":true}]}}