{"id":35379,"date":"2024-08-28T11:55:10","date_gmt":"2024-08-28T16:55:10","guid":{"rendered":"https:\/\/solidaridadnews.com\/?p=35379"},"modified":"2024-08-28T16:55:11","modified_gmt":"2024-08-28T16:55:11","slug":"carlos-lomeli-y-senadores-de-morena-reciben-a-claudia-sheinbaum-y-reafirman-su-compromiso-con-la-cuarta-transformacion","status":"publish","type":"post","link":"https:\/\/solidaridadnews.com\/?p=35379","title":{"rendered":"Carlos Lomel\u00ed y senadores de Morena reciben a Claudia Sheinbaum y reafirman su compromiso con la Cuarta Transformaci\u00f3n"},"content":{"rendered":"<p>\ud83d\udd38 El senador electo expres\u00f3 con orgullo el firme respaldo de su equipo a la visi\u00f3n de la primera Presidenta de M\u00e9xico<\/p>\n<p>#JALISCO | Carlos Lomel\u00ed, senador electo por Jalisco, ha reafirmado su compromiso con los principios de la Cuarta Transformaci\u00f3n al recibir a la Dra. Claudia Sheinbaum, quien se uni\u00f3 a los senadores de Morena en una ceremonia cargada de simbolismo. Lomel\u00ed expres\u00f3 con orgullo el firme respaldo de su equipo a la visi\u00f3n de la Dra. Sheinbaum y al objetivo de avanzar en esta segunda etapa de la Cuarta Transformaci\u00f3n.<\/p>\n<p>\u201cHoy, las y los Senadores Morena recibimos con orgullo a la Dra. Claudia Sheinbaum, refrend\u00e1ndole nuestro compromiso firme con el segundo piso de la Cuarta Transformaci\u00f3n,\u201d afirm\u00f3 Lomel\u00ed. En su declaraci\u00f3n, el senador electo subray\u00f3 la determinaci\u00f3n de su grupo para actuar como un \u201cej\u00e9rcito\u201d en la lucha por un M\u00e9xico caracterizado por el bienestar, la innovaci\u00f3n y la justicia social.<\/p>\n<p>Con una llamada a seguir adelante con \u201cvalent\u00eda y esperanza,\u201d Lomel\u00ed y sus colegas senadores se comprometieron a apoyar las pol\u00edticas y reformas necesarias para cumplir con los objetivos establecidos por la Cuarta Transformaci\u00f3n, consolidando los avances y enfrentando los desaf\u00edos futuros con determinaci\u00f3n. La participaci\u00f3n de Lomel\u00ed en este proceso refuerza su papel como un aliado clave en la transformaci\u00f3n del pa\u00eds.<\/p>\n","protected":false},"excerpt":{"rendered":"<p>\ud83d\udd38 El senador electo expres\u00f3 con orgullo el firme respaldo de su equipo a la visi\u00f3n de la primera Presidenta de M\u00e9xico #JALISCO | Carlos Lomel\u00ed, senador electo por Jalisco, ha reafirmado su compromiso con los principios de la Cuarta Transformaci\u00f3n al recibir a la Dra. Claudia Sheinbaum, quien se uni\u00f3 a los senadores de [&hellip;]<\/p>\n","protected":false},"author":1,"featured_media":35381,"comment_status":"open","ping_status":"closed","sticky":false,"template":"","format":"standard","meta":{"footnotes":""},"categories":[23],"tags":[],"class_list":["post-35379","post","type-post","status-publish","format-standard","has-post-thumbnail","hentry","category-jalisco"],"_links":{"self":[{"href":"https:\/\/solidaridadnews.com\/index.php?rest_route=\/wp\/v2\/posts\/35379","targetHints":{"allow":["GET"]}}],"collection":[{"href":"https:\/\/solidaridadnews.com\/index.php?rest_route=\/wp\/v2\/posts"}],"about":[{"href":"https:\/\/solidaridadnews.com\/index.php?rest_route=\/wp\/v2\/types\/post"}],"author":[{"embeddable":true,"href":"https:\/\/solidaridadnews.com\/index.php?rest_route=\/wp\/v2\/users\/1"}],"replies":[{"embeddable":true,"href":"https:\/\/solidaridadnews.com\/index.php?rest_route=%2Fwp%2Fv2%2Fcomments&post=35379"}],"version-history":[{"count":1,"href":"https:\/\/solidaridadnews.com\/index.php?rest_route=\/wp\/v2\/posts\/35379\/revisions"}],"predecessor-version":[{"id":35380,"href":"https:\/\/solidaridadnews.com\/index.php?rest_route=\/wp\/v2\/posts\/35379\/revisions\/35380"}],"wp:featuredmedia":[{"embeddable":true,"href":"https:\/\/solidaridadnews.com\/index.php?rest_route=\/wp\/v2\/media\/35381"}],"wp:attachment":[{"href":"https:\/\/solidaridadnews.com\/index.php?rest_route=%2Fwp%2Fv2%2Fmedia&parent=35379"}],"wp:term":[{"taxonomy":"category","embeddable":true,"href":"https:\/\/solidaridadnews.com\/index.php?rest_route=%2Fwp%2Fv2%2Fcategories&post=35379"},{"taxonomy":"post_tag","embeddable":true,"href":"https:\/\/solidaridadnews.com\/index.php?rest_route=%2Fwp%2Fv2%2Ftags&post=35379"}],"curies":[{"name":"wp","href":"https:\/\/api.w.org\/{rel}","templated":true}]}}