{"id":35376,"date":"2024-08-28T11:47:09","date_gmt":"2024-08-28T16:47:09","guid":{"rendered":"https:\/\/solidaridadnews.com\/?p=35376"},"modified":"2024-08-28T16:47:10","modified_gmt":"2024-08-28T16:47:10","slug":"alejandro-armenta-felicita-a-los-abuelos-en-su-dia-y-promete-mejorar-su-bienestar-desde-la-gubernatura","status":"publish","type":"post","link":"https:\/\/solidaridadnews.com\/?p=35376","title":{"rendered":"Alejandro Armenta felicita a los abuelos en su d\u00eda y promete mejorar su bienestar desde la Gubernatura"},"content":{"rendered":"<p>\ud83d\udd38 El futuro gobernador reafirma su compromiso de honrar y proteger a los adultos mayores durante su mandato<\/p>\n<p>#PUEBLA | Alejandro Armenta, gobernador electo de Puebla, ha dedicado un emotivo mensaje en conmemoraci\u00f3n del D\u00eda de los Abuelos, subrayando la importancia del legado que estos seres queridos dejan a las generaciones futuras. En su mensaje, Armenta expres\u00f3 su admiraci\u00f3n y gratitud hacia los abuelos, destacando la profundidad de sus historias, momentos de alegr\u00eda compartidos y el amor incondicional que brindan.<\/p>\n<p>\u201cEl legado m\u00e1s grande que nos dejan nuestras abuelas y abuelos son sus historias, los momentos de alegr\u00eda que compartimos con ellos y su amor incondicional. Un abrazo con el coraz\u00f3n a todas y todos ellos,\u201d escribi\u00f3 Armenta en sus redes sociales.<\/p>\n<p>En su mensaje, tambi\u00e9n rindi\u00f3 un homenaje personal a su abuelita Cholita, afirmando: \u201cEn cada consejo, sonrisa e historia, nuestros abuelitos nos dejan un legado de amor y sabidur\u00eda que perdura a\u00fan cuando ellos trascienden. Gracias por tanto, abuelita Cholita, te llevamos siempre en nuestros corazones.\u201d<\/p>\n<p>Armenta se comprometi\u00f3 a trabajar en su administraci\u00f3n para mejorar la calidad de vida de los adultos mayores en Puebla, alineando sus esfuerzos con los principios de la Cuarta Transformaci\u00f3n. El futuro gobernador enfatiz\u00f3 que su gobierno estar\u00e1 enfocado en brindar un apoyo integral a este sector de la poblaci\u00f3n, reflejando el valor y respeto que se les debe.<\/p>\n<p>El futuro gobernador reafirma su compromiso de honrar y proteger a los adultos mayores durante su mandato, buscando garantizar su bienestar y reconocimiento en todos los aspectos de la vida en Puebla.<\/p>\n","protected":false},"excerpt":{"rendered":"<p>\ud83d\udd38 El futuro gobernador reafirma su compromiso de honrar y proteger a los adultos mayores durante su mandato #PUEBLA | Alejandro Armenta, gobernador electo de Puebla, ha dedicado un emotivo mensaje en conmemoraci\u00f3n del D\u00eda de los Abuelos, subrayando la importancia del legado que estos seres queridos dejan a las generaciones futuras. En su mensaje, [&hellip;]<\/p>\n","protected":false},"author":1,"featured_media":35378,"comment_status":"open","ping_status":"closed","sticky":false,"template":"","format":"standard","meta":{"footnotes":""},"categories":[19],"tags":[],"class_list":["post-35376","post","type-post","status-publish","format-standard","has-post-thumbnail","hentry","category-puebla"],"_links":{"self":[{"href":"https:\/\/solidaridadnews.com\/index.php?rest_route=\/wp\/v2\/posts\/35376","targetHints":{"allow":["GET"]}}],"collection":[{"href":"https:\/\/solidaridadnews.com\/index.php?rest_route=\/wp\/v2\/posts"}],"about":[{"href":"https:\/\/solidaridadnews.com\/index.php?rest_route=\/wp\/v2\/types\/post"}],"author":[{"embeddable":true,"href":"https:\/\/solidaridadnews.com\/index.php?rest_route=\/wp\/v2\/users\/1"}],"replies":[{"embeddable":true,"href":"https:\/\/solidaridadnews.com\/index.php?rest_route=%2Fwp%2Fv2%2Fcomments&post=35376"}],"version-history":[{"count":1,"href":"https:\/\/solidaridadnews.com\/index.php?rest_route=\/wp\/v2\/posts\/35376\/revisions"}],"predecessor-version":[{"id":35377,"href":"https:\/\/solidaridadnews.com\/index.php?rest_route=\/wp\/v2\/posts\/35376\/revisions\/35377"}],"wp:featuredmedia":[{"embeddable":true,"href":"https:\/\/solidaridadnews.com\/index.php?rest_route=\/wp\/v2\/media\/35378"}],"wp:attachment":[{"href":"https:\/\/solidaridadnews.com\/index.php?rest_route=%2Fwp%2Fv2%2Fmedia&parent=35376"}],"wp:term":[{"taxonomy":"category","embeddable":true,"href":"https:\/\/solidaridadnews.com\/index.php?rest_route=%2Fwp%2Fv2%2Fcategories&post=35376"},{"taxonomy":"post_tag","embeddable":true,"href":"https:\/\/solidaridadnews.com\/index.php?rest_route=%2Fwp%2Fv2%2Ftags&post=35376"}],"curies":[{"name":"wp","href":"https:\/\/api.w.org\/{rel}","templated":true}]}}