{"id":35370,"date":"2024-08-28T11:35:16","date_gmt":"2024-08-28T16:35:16","guid":{"rendered":"https:\/\/solidaridadnews.com\/?p=35370"},"modified":"2024-08-28T16:35:17","modified_gmt":"2024-08-28T16:35:17","slug":"manuel-lopez-melendez-invita-a-su-toma-de-protesta","status":"publish","type":"post","link":"https:\/\/solidaridadnews.com\/?p=35370","title":{"rendered":"Manuel L\u00f3pez Mel\u00e9ndez invita a su toma de protesta"},"content":{"rendered":"<p>\ud83d\udd38El presidente municipal de Pan\u00ednd\u00edcuaro iniciar\u00e1 su administraci\u00f3n 2024 -2027 el pr\u00f3ximo domingo 1 de septiembre.<\/p>\n<p>#MICHOAC\u00c1N Manuel L\u00f3pez Mel\u00e9ndez, presidente municipal electo de Panind\u00edcuaro, ha extendido una cordial invitaci\u00f3n a toda la comunidad para asistir a su toma de protesta, que se llevar\u00e1 a cabo el pr\u00f3ximo 1 de septiembre a las 5:00 de la tarde.<\/p>\n<p>En un mensaje dirigido a los ciudadanos, L\u00f3pez Mel\u00e9ndez destac\u00f3 la importancia de la participaci\u00f3n comunitaria en el desarrollo del municipio. \u201cTu voz y la voz de toda nuestra gente es el motor que impulsa el progreso en nuestro querido Panind\u00edcuaro\u201d, se\u00f1al\u00f3.<\/p>\n<p>El presidente municipal electo agradeci\u00f3 el apoyo y compromiso de los habitantes, y expres\u00f3 su entusiasmo por construir un futuro lleno de oportunidades y bienestar para todos.<\/p>\n<p>La ceremonia, que marcar\u00e1 el inicio de su mandato para el periodo mencionado, se espera sea un evento hist\u00f3rico y significativo para la comunidad, por lo que L\u00f3pez Mel\u00e9ndez invit\u00f3 a los residentes a unirse a \u00e9l en este gran d\u00eda para ser parte de un momento que definir\u00e1 el futuro del municipio.<\/p>\n<p>\u201c\u00a1Ven y s\u00e9 parte de la Historia! Juntos, seguiremos avanzando hacia un Panind\u00edcuaro m\u00e1s pr\u00f3spero y lleno de vida\u201d, afirm\u00f3 L\u00f3pez Mel\u00e9ndez. La toma de protesta se realizar\u00e1 en el sal\u00f3n de actos del Ayuntamiento y se anticipa una amplia participaci\u00f3n de los ciudadanos.<\/p>\n","protected":false},"excerpt":{"rendered":"<p>\ud83d\udd38El presidente municipal de Pan\u00ednd\u00edcuaro iniciar\u00e1 su administraci\u00f3n 2024 -2027 el pr\u00f3ximo domingo 1 de septiembre. #MICHOAC\u00c1N Manuel L\u00f3pez Mel\u00e9ndez, presidente municipal electo de Panind\u00edcuaro, ha extendido una cordial invitaci\u00f3n a toda la comunidad para asistir a su toma de protesta, que se llevar\u00e1 a cabo el pr\u00f3ximo 1 de septiembre a las 5:00 de [&hellip;]<\/p>\n","protected":false},"author":1,"featured_media":35372,"comment_status":"open","ping_status":"closed","sticky":false,"template":"","format":"standard","meta":{"footnotes":""},"categories":[34],"tags":[],"class_list":["post-35370","post","type-post","status-publish","format-standard","has-post-thumbnail","hentry","category-michoacan"],"_links":{"self":[{"href":"https:\/\/solidaridadnews.com\/index.php?rest_route=\/wp\/v2\/posts\/35370","targetHints":{"allow":["GET"]}}],"collection":[{"href":"https:\/\/solidaridadnews.com\/index.php?rest_route=\/wp\/v2\/posts"}],"about":[{"href":"https:\/\/solidaridadnews.com\/index.php?rest_route=\/wp\/v2\/types\/post"}],"author":[{"embeddable":true,"href":"https:\/\/solidaridadnews.com\/index.php?rest_route=\/wp\/v2\/users\/1"}],"replies":[{"embeddable":true,"href":"https:\/\/solidaridadnews.com\/index.php?rest_route=%2Fwp%2Fv2%2Fcomments&post=35370"}],"version-history":[{"count":1,"href":"https:\/\/solidaridadnews.com\/index.php?rest_route=\/wp\/v2\/posts\/35370\/revisions"}],"predecessor-version":[{"id":35371,"href":"https:\/\/solidaridadnews.com\/index.php?rest_route=\/wp\/v2\/posts\/35370\/revisions\/35371"}],"wp:featuredmedia":[{"embeddable":true,"href":"https:\/\/solidaridadnews.com\/index.php?rest_route=\/wp\/v2\/media\/35372"}],"wp:attachment":[{"href":"https:\/\/solidaridadnews.com\/index.php?rest_route=%2Fwp%2Fv2%2Fmedia&parent=35370"}],"wp:term":[{"taxonomy":"category","embeddable":true,"href":"https:\/\/solidaridadnews.com\/index.php?rest_route=%2Fwp%2Fv2%2Fcategories&post=35370"},{"taxonomy":"post_tag","embeddable":true,"href":"https:\/\/solidaridadnews.com\/index.php?rest_route=%2Fwp%2Fv2%2Ftags&post=35370"}],"curies":[{"name":"wp","href":"https:\/\/api.w.org\/{rel}","templated":true}]}}