{"id":35358,"date":"2024-08-27T11:44:03","date_gmt":"2024-08-27T16:44:03","guid":{"rendered":"https:\/\/solidaridadnews.com\/?p=35358"},"modified":"2024-08-27T16:44:04","modified_gmt":"2024-08-27T16:44:04","slug":"aeromexico-volara-de-cancun-a-miami-a-partir-de-diciembre","status":"publish","type":"post","link":"https:\/\/solidaridadnews.com\/?p=35358","title":{"rendered":"Aerom\u00e9xico volar\u00e1 de Canc\u00fan a Miami a partir de diciembre"},"content":{"rendered":"<p>\ud83d\udd38 La compa\u00f1\u00eda ampliar\u00e1 su presencia en Florida con un nuevo viaje directo a partir del 19 de diciembre, fortaleciendo su alianza con Delta y ofreciendo una mayor conectividad con Estados Unidos.<\/p>\n<p>#INTERNACIONAL En alianza con Delta Air Lines, a partir del pr\u00f3ximo 19 de diciembre Aerom\u00e9xico comenzar\u00e1 operaciones directas entre el Aeropuerto Internacional de Canc\u00fan y el Aeropuerto Internacional de Miami.<\/p>\n<p>Este nuevo servicio complementar\u00e1 la oferta actual de Aerom\u00e9xico en Miami, donde ya ofrece cinco frecuencias diarias desde la Ciudad de M\u00e9xico, y ser\u00e1 la cuarta ruta de la aerol\u00ednea en Florida, sum\u00e1ndose al servicio en Orlando y Tampa desde la capital de M\u00e9xico.<\/p>\n<p>En total, la aerol\u00ednea estar\u00e1 operando alrededor de 140 llegadas y salidas semanales en Florida, lo que significa una oferta de hasta 24 mil 500 asientos a la semana.<\/p>\n<p>Aerom\u00e9xico indic\u00f3 que los vuelos sera\u0301n operados con aviones 737 MAX 8 con capacidad para 166 pasajeros: 16 en Cabina Premier, 18 en AM Plus y 132 en Cabina Turista.<\/p>\n<p>Este modelo de aeronave de u\u0301ltima generacio\u0301n, cuenta con winglets de tecnologi\u0301a avanzada que reducen el consumo de combustible, asi\u0301 como una eficiencia aerodina\u0301mica que disminuye la emisio\u0301n de contaminantes. Incluye un amplio sistema de entretenimiento a bordo y ofrece conectividad WiFi de alta velocidad que brinda una experiencia de viaje u\u0301nica para los clientes.<\/p>\n<p>Este nuevo vuelo a Estados Unidos tambie\u0301n es posible gracias al Acuerdo de Colaboracio\u0301n Conjunta (JCA) con Delta, cuyo objetivo es ofrecer ma\u0301s y mejor conectividad entre ambos pai\u0301ses. Con el inicio de la ruta entre Cancu\u0301n y Miami, la alianza Aerome\u0301xico-Delta servira\u0301 de manera conjunta ma\u0301s de 65 rutas entre Me\u0301xico y Estados Unidos, operando diariamente ma\u0301s de 180 salidas y llegadas, lo que representa una oferta promedio de 31 mil asientos al di\u0301a.<\/p>\n<p>&nbsp;<\/p>\n","protected":false},"excerpt":{"rendered":"<p>\ud83d\udd38 La compa\u00f1\u00eda ampliar\u00e1 su presencia en Florida con un nuevo viaje directo a partir del 19 de diciembre, fortaleciendo su alianza con Delta y ofreciendo una mayor conectividad con Estados Unidos. #INTERNACIONAL En alianza con Delta Air Lines, a partir del pr\u00f3ximo 19 de diciembre Aerom\u00e9xico comenzar\u00e1 operaciones directas entre el Aeropuerto Internacional de [&hellip;]<\/p>\n","protected":false},"author":1,"featured_media":35360,"comment_status":"open","ping_status":"closed","sticky":false,"template":"","format":"standard","meta":{"footnotes":""},"categories":[9],"tags":[],"class_list":["post-35358","post","type-post","status-publish","format-standard","has-post-thumbnail","hentry","category-internacional"],"_links":{"self":[{"href":"https:\/\/solidaridadnews.com\/index.php?rest_route=\/wp\/v2\/posts\/35358","targetHints":{"allow":["GET"]}}],"collection":[{"href":"https:\/\/solidaridadnews.com\/index.php?rest_route=\/wp\/v2\/posts"}],"about":[{"href":"https:\/\/solidaridadnews.com\/index.php?rest_route=\/wp\/v2\/types\/post"}],"author":[{"embeddable":true,"href":"https:\/\/solidaridadnews.com\/index.php?rest_route=\/wp\/v2\/users\/1"}],"replies":[{"embeddable":true,"href":"https:\/\/solidaridadnews.com\/index.php?rest_route=%2Fwp%2Fv2%2Fcomments&post=35358"}],"version-history":[{"count":1,"href":"https:\/\/solidaridadnews.com\/index.php?rest_route=\/wp\/v2\/posts\/35358\/revisions"}],"predecessor-version":[{"id":35359,"href":"https:\/\/solidaridadnews.com\/index.php?rest_route=\/wp\/v2\/posts\/35358\/revisions\/35359"}],"wp:featuredmedia":[{"embeddable":true,"href":"https:\/\/solidaridadnews.com\/index.php?rest_route=\/wp\/v2\/media\/35360"}],"wp:attachment":[{"href":"https:\/\/solidaridadnews.com\/index.php?rest_route=%2Fwp%2Fv2%2Fmedia&parent=35358"}],"wp:term":[{"taxonomy":"category","embeddable":true,"href":"https:\/\/solidaridadnews.com\/index.php?rest_route=%2Fwp%2Fv2%2Fcategories&post=35358"},{"taxonomy":"post_tag","embeddable":true,"href":"https:\/\/solidaridadnews.com\/index.php?rest_route=%2Fwp%2Fv2%2Ftags&post=35358"}],"curies":[{"name":"wp","href":"https:\/\/api.w.org\/{rel}","templated":true}]}}